{"id":7969,"date":"2019-10-29T00:01:17","date_gmt":"2019-10-28T23:01:17","guid":{"rendered":"https:\/\/kronika-futbolu.pl\/historia\/?p=7969"},"modified":"2022-10-14T14:29:32","modified_gmt":"2022-10-14T12:29:32","slug":"pilkarska-kartka-z-kalendarza-29-pazdziernika","status":"publish","type":"post","link":"https:\/\/kronika-futbolu.pl\/historia\/pilkarska-kartka-z-kalendarza-29-pazdziernika\/","title":{"rendered":"Pi\u0142karska kartka z kalendarza 29 Pa\u017adziernika"},"content":{"rendered":"<h4>Pi\u0142karska kartka z kalendarza 29 Pa\u017adziernika<\/h4>\n<p>2009.10.29 Franciszek Smuda zosta\u0142 selekcjonerem pi\u0142karskiej reprezentacji Polski.<\/p>\n<p>1910.10.29 -Za\u0142o\u017cono austriacki klub Austria Wiede\u0144.<\/p>\n<p>1911.10.29 &#8211; Reprezentacja Luksemburga rozegra\u0142a sw\u00f3j pierwszy oficjalny mecz, przegrywaj\u0105c z reprezentacj\u0105 Francji 1-4.<\/p>\n<p>1947.10.29 Urodzi\u0142 si\u0119 Henri Michel francuski pomocnik jako trener zdobywca I miejsca na Igrzyskach 1984, III miejsca na mundialu 1986 i II miejsce z Senegalem w Pucharze Narod\u00f3w Afryki 2008<\/p>\n<p>1970.10.29 Urodzi\u0142 si\u0119 Edwin van der Sar, holenderski bramkarz<\/p>\n<p>1973.10.29 Urodzi\u0142 si\u0119 Robert Pires, francuski pomocnik mistrz \u015bwiata 1998, mistrz Europy 2000<\/p>\n<p>1987.10.29 Urodzi\u0142 si\u0119 Jos\u00e9 Francisco Torres, ameryka\u0144ski pi\u0142karz<\/p>\n<p>1967-10-29 Polska &#8211; Rumunia 0-0 MT Krak\u00f3w<\/p>\n<p>1977-10-29 Polska &#8211; Portugalia 1-1 EM\u015a 1978 Chorz\u00f3w bramki: Kazimierz Deyna 38&#8242;- Manuel Jose Tavares Fernandes 61&#8242; po tym meczu reprezentacja Polski zapewni\u0142a sobie awans na mistrzostwa \u015bwiata w Argentynie.<\/p>\n<p>Jan Tomaszewski, Henryk Wawrowski, W\u0142adys\u0142aw \u017bmuda,Henryk, Wojciech Rudy, Henryk Kasperczak, Kazimierz Deyna (84\u2019 Jan Erlich), Adam Nawa\u0142ka, Bohdan Masztaler (38\u2019 Zbigniew Boniek), Grzegorz Lato, Andrzej Szarmach,<\/p>\n<p>1996.10.29 Be\u015fikta\u015f JK- Legia Warszawa 2-1 Puchar UEFA 1\/16 fina\u0142u bramki: Daniel Amokachi 13&#8242;, Zlatko Yankov 76&#8242;- Cezary Kucharski 37&#8242;<\/p>\n","protected":false},"excerpt":{"rendered":"<p>Pi\u0142karska kartka z kalendarza 29 Pa\u017adziernika 2009.10.29 Franciszek Smuda zosta\u0142 selekcjonerem pi\u0142karskiej reprezentacji Polski. 1910.10.29 -Za\u0142o\u017cono austriacki klub Austria Wiede\u0144. 1911.10.29 &#8211; Reprezentacja Luksemburga rozegra\u0142a sw\u00f3j pierwszy oficjalny mecz, przegrywaj\u0105c z reprezentacj\u0105 Francji 1-4. 1947.10.29 Urodzi\u0142 si\u0119 Henri Michel francuski pomocnik jako trener zdobywca I miejsca na Igrzyskach 1984, III miejsca na mundialu 1986 i [&hellip;]<\/p>\n","protected":false},"author":3,"featured_media":0,"comment_status":"closed","ping_status":"open","sticky":false,"template":"","format":"standard","meta":{"_acf_changed":false,"footnotes":""},"categories":[144],"tags":[143],"class_list":["post-7969","post","type-post","status-publish","format-standard","hentry","category-kartka-z-kalendarza","tag-kalendarium"],"acf":[],"_links":{"self":[{"href":"https:\/\/kronika-futbolu.pl\/historia\/wp-json\/wp\/v2\/posts\/7969","targetHints":{"allow":["GET"]}}],"collection":[{"href":"https:\/\/kronika-futbolu.pl\/historia\/wp-json\/wp\/v2\/posts"}],"about":[{"href":"https:\/\/kronika-futbolu.pl\/historia\/wp-json\/wp\/v2\/types\/post"}],"author":[{"embeddable":true,"href":"https:\/\/kronika-futbolu.pl\/historia\/wp-json\/wp\/v2\/users\/3"}],"replies":[{"embeddable":true,"href":"https:\/\/kronika-futbolu.pl\/historia\/wp-json\/wp\/v2\/comments?post=7969"}],"version-history":[{"count":1,"href":"https:\/\/kronika-futbolu.pl\/historia\/wp-json\/wp\/v2\/posts\/7969\/revisions"}],"predecessor-version":[{"id":13000,"href":"https:\/\/kronika-futbolu.pl\/historia\/wp-json\/wp\/v2\/posts\/7969\/revisions\/13000"}],"wp:attachment":[{"href":"https:\/\/kronika-futbolu.pl\/historia\/wp-json\/wp\/v2\/media?parent=7969"}],"wp:term":[{"taxonomy":"category","embeddable":true,"href":"https:\/\/kronika-futbolu.pl\/historia\/wp-json\/wp\/v2\/categories?post=7969"},{"taxonomy":"post_tag","embeddable":true,"href":"https:\/\/kronika-futbolu.pl\/historia\/wp-json\/wp\/v2\/tags?post=7969"}],"curies":[{"name":"wp","href":"https:\/\/api.w.org\/{rel}","templated":true}]}}