{"id":7984,"date":"2019-11-01T00:05:34","date_gmt":"2019-10-31T23:05:34","guid":{"rendered":"https:\/\/kronika-futbolu.pl\/historia\/?p=7984"},"modified":"2019-11-01T00:05:34","modified_gmt":"2019-10-31T23:05:34","slug":"pilkarska-kartka-z-kalendarza-1-listopada-2","status":"publish","type":"post","link":"https:\/\/kronika-futbolu.pl\/historia\/pilkarska-kartka-z-kalendarza-1-listopada-2\/","title":{"rendered":"Pi\u0142karska kartka z kalendarza 1 listopada"},"content":{"rendered":"<h4>Pi\u0142karska kartka z kalendarza 1 listopada<\/h4>\n<p>1897.11.01 Kilku m\u0142odych ch\u0142opak\u00f3w siedz\u0105c na \u0142awce przy Scuola Massimo D&#8217;Azeglio w Turynie postanowi\u0142a za\u0142o\u017cy\u0107 klub sportowy, nazwali go 'Juventus&#8217; co znaczy 'm\u0142odo\u015b\u0107&#8217;.<\/p>\n<p>1889.11.01 Urodzi\u0142 si\u0119 J\u00f3zef Lustgarten, pi\u0142karz, s\u0119dzia pi\u0142karski, trener, selekcjoner reprezentacji (zm. 1973)<\/p>\n<p>1936.11.01 &#8211; Eddie Colman, angielski pomocnik, zawodnik Manchesteru United zgin\u0105\u0142 w katastrofie lotniczej w Monachium w 1958<\/p>\n<p>1923-11-01 Polska &#8211; Szwecja 2-2 MT Krak\u00f3w bramki: Wawrzyniec Stali\u0144ski 4&#8242;,49&#8242;- Harry Dahl 16&#8242;, Henning Helgesson 78&#8242;<\/p>\n<p>1925-11-01 Polska &#8211; Szwecja 2-6 MT Krak\u00f3w bramki: Leon Sperling 23&#8242;, Wac\u0142aw Kuchar 62&#8242;- Albin Dahl 8&#8242;, 10&#8242;, Filip Johansson 25&#8242;, 29&#8242;, 31&#8242;, Gunnar Rydberg 40&#8242;<\/p>\n<p>1965-11-01 W\u0142ochy &#8211; Polska 6-1 EM\u015a 1966 Rzym bramki: Alesandro Mazzola 5&#8242;, Paolo Barison 25&#8242;,66&#8242;,88&#8242;,Giovanni Rivera 71&#8242;, Bruno Mora 80&#8242;- W\u0142odzimierz Luba\u0144ski 84&#8242;<\/p>\n<p>1978.11.01 Wis\u0142a Krak\u00f3w-FC Zbrojovka Brno 1-1 Puchar Europy II runda bramki: Zdzis\u0142aw Kapka 53&#8242;- Libor Do\u0161ek 78&#8242;<\/p>\n<p>1994.11.01 Girondins Bordeaux-GKS Katowice 1-1 Puchar UEFA 1\/16 fina\u0142u bramki: Franck Histilloles 18&#8242;- Krzysztof Walczak 70&#8242;<\/p>\n<p>1995.11.01 Blackburn Rovers-Legia Warszawa 0-0 Liga Mistrz\u00f3w Faza grupowa<\/p>\n<p>2001.11.01 Valencia CF-Legia Warszawa 6-1 Puchar UEFA II runda bramki: Albelda 13&#8242;,Adrian Ilie 16&#8242;, Miroslav \u0110uki\u0107 32&#8242;, Pablo Aimar 39-k&#8217;, Juan S\u00e1nchez 70&#8242;, Angulo 78&#8242;- Stanko Svitlica 76&#8242;<\/p>\n","protected":false},"excerpt":{"rendered":"<p>Pi\u0142karska kartka z kalendarza 1 listopada 1897.11.01 Kilku m\u0142odych ch\u0142opak\u00f3w siedz\u0105c na \u0142awce przy Scuola Massimo D&#8217;Azeglio w Turynie postanowi\u0142a za\u0142o\u017cy\u0107 klub sportowy, nazwali go 'Juventus&#8217; co znaczy 'm\u0142odo\u015b\u0107&#8217;. 1889.11.01 Urodzi\u0142 si\u0119 J\u00f3zef Lustgarten, pi\u0142karz, s\u0119dzia pi\u0142karski, trener, selekcjoner reprezentacji (zm. 1973) 1936.11.01 &#8211; Eddie Colman, angielski pomocnik, zawodnik Manchesteru United zgin\u0105\u0142 w katastrofie lotniczej [&hellip;]<\/p>\n","protected":false},"author":3,"featured_media":1991,"comment_status":"closed","ping_status":"open","sticky":false,"template":"","format":"standard","meta":{"_acf_changed":false,"footnotes":""},"categories":[144],"tags":[143,460],"class_list":["post-7984","post","type-post","status-publish","format-standard","has-post-thumbnail","hentry","category-kartka-z-kalendarza","tag-kalendarium","tag-listopad"],"acf":[],"_links":{"self":[{"href":"https:\/\/kronika-futbolu.pl\/historia\/wp-json\/wp\/v2\/posts\/7984","targetHints":{"allow":["GET"]}}],"collection":[{"href":"https:\/\/kronika-futbolu.pl\/historia\/wp-json\/wp\/v2\/posts"}],"about":[{"href":"https:\/\/kronika-futbolu.pl\/historia\/wp-json\/wp\/v2\/types\/post"}],"author":[{"embeddable":true,"href":"https:\/\/kronika-futbolu.pl\/historia\/wp-json\/wp\/v2\/users\/3"}],"replies":[{"embeddable":true,"href":"https:\/\/kronika-futbolu.pl\/historia\/wp-json\/wp\/v2\/comments?post=7984"}],"version-history":[{"count":0,"href":"https:\/\/kronika-futbolu.pl\/historia\/wp-json\/wp\/v2\/posts\/7984\/revisions"}],"wp:featuredmedia":[{"embeddable":true,"href":"https:\/\/kronika-futbolu.pl\/historia\/wp-json\/wp\/v2\/media\/1991"}],"wp:attachment":[{"href":"https:\/\/kronika-futbolu.pl\/historia\/wp-json\/wp\/v2\/media?parent=7984"}],"wp:term":[{"taxonomy":"category","embeddable":true,"href":"https:\/\/kronika-futbolu.pl\/historia\/wp-json\/wp\/v2\/categories?post=7984"},{"taxonomy":"post_tag","embeddable":true,"href":"https:\/\/kronika-futbolu.pl\/historia\/wp-json\/wp\/v2\/tags?post=7984"}],"curies":[{"name":"wp","href":"https:\/\/api.w.org\/{rel}","templated":true}]}}