{"id":8067,"date":"2019-11-27T00:05:44","date_gmt":"2019-11-26T23:05:44","guid":{"rendered":"https:\/\/kronika-futbolu.pl\/historia\/?p=8067"},"modified":"2019-11-27T00:05:44","modified_gmt":"2019-11-26T23:05:44","slug":"pilkarska-kartka-z-kalendarza-27-listopada","status":"publish","type":"post","link":"https:\/\/kronika-futbolu.pl\/historia\/pilkarska-kartka-z-kalendarza-27-listopada\/","title":{"rendered":"Pi\u0142karska kartka z kalendarza 27 listopada"},"content":{"rendered":"<h4>Pi\u0142karska kartka z kalendarza 27 listopada<\/h4>\n<p>1887.11.27 Za\u0142o\u017cono argenty\u0144ski klub pi\u0142karski <strong>Quilmes Atl\u00e9tico Club<\/strong>, mistrz Argentyny 1912 i 1978<\/p>\n<p>1941.11.27<strong> Aim\u00e9 Jacquet<\/strong>, francuski pi\u0142karz, trener pi\u0142karski- mistrz \u015bwiata 1998 jak szkoleniowiec reprezentacji Francji<\/p>\n<p>1977.11.27 <strong>F\u00e1bio Costa<\/strong>, brazylijski pi\u0142karz, bramkarz<\/p>\n<p>1982.11.27<strong> Aleksandr Kier\u017cakow<\/strong>, rosyjski pi\u0142karz, reprezentant kraju<\/p>\n<p>1985.11.27 <strong>Legia Warszawa- Inter Mediolan<\/strong> 0-0 Puchar UEFA 1\/8 fina\u0142u Mediolan<\/p>\n<p>2003.11.27 <strong>Wis\u0142a Krak\u00f3w-Valerenga Oslo<\/strong> 0-0 k:3-4 Puchar UEFA II runda Krak\u00f3w<\/p>\n<p>2003.11.27 Dyskobolia Grodzisk Wlkp.- Manchester City 0-0 PUEFA II runda Grodzisk.<\/p>\n<p>Dyskobolia: Mariusz Liberda, Radek Myn\u00e1\u0159, Ivica Kri\u017eanac, Mariusz Pawlak, Lum\u00edr Sedl\u00e1\u010dek, Marcin Zaj\u0105c (88&#8242; \u0141ukasz Gorszkow), Igor Kozio\u0142, Tomasz Wieszczycki, Sebastian Mila, Andrzej Niedzielan (82&#8242; Piotr Piechniak), Grzegorz Rasiak<\/p>\n<p>City: David Seaman, Sun Jihai, Richard Dunne, Sylvain Distin, David Sommeil, Shaun Wright-Phillips (79&#8242; Claudio Reyna), Trevor Sinclair, Joey Barton, Steven McManaman, Nicolas Anelka (74&#8242; Jon Macken), Robbie Fowler (74&#8242; Paulo Wanchope)<\/p>\n<p>2008.11.27 <strong> CSKA Moskwa<\/strong>&#8211;<strong>Lech Pozna\u0144-<\/strong> 2-1 Puchar UEFA faza grupowa Moskwa bramki: A\u0142an Dzagojew 31&#8242;, Jurij \u017byrkow 45&#8242; &#8211; Semir \u0160tili\u0107 66&#8242;<\/p>\n<p><strong> <\/strong><\/p>\n","protected":false},"excerpt":{"rendered":"<p>Pi\u0142karska kartka z kalendarza 27 listopada 1887.11.27 Za\u0142o\u017cono argenty\u0144ski klub pi\u0142karski Quilmes Atl\u00e9tico Club, mistrz Argentyny 1912 i 1978 1941.11.27 Aim\u00e9 Jacquet, francuski pi\u0142karz, trener pi\u0142karski- mistrz \u015bwiata 1998 jak szkoleniowiec reprezentacji Francji 1977.11.27 F\u00e1bio Costa, brazylijski pi\u0142karz, bramkarz 1982.11.27 Aleksandr Kier\u017cakow, rosyjski pi\u0142karz, reprezentant kraju 1985.11.27 Legia Warszawa- Inter Mediolan 0-0 Puchar UEFA 1\/8 [&hellip;]<\/p>\n","protected":false},"author":3,"featured_media":1705,"comment_status":"closed","ping_status":"open","sticky":false,"template":"","format":"standard","meta":{"_acf_changed":false,"footnotes":""},"categories":[144],"tags":[143],"class_list":["post-8067","post","type-post","status-publish","format-standard","has-post-thumbnail","hentry","category-kartka-z-kalendarza","tag-kalendarium"],"acf":[],"_links":{"self":[{"href":"https:\/\/kronika-futbolu.pl\/historia\/wp-json\/wp\/v2\/posts\/8067","targetHints":{"allow":["GET"]}}],"collection":[{"href":"https:\/\/kronika-futbolu.pl\/historia\/wp-json\/wp\/v2\/posts"}],"about":[{"href":"https:\/\/kronika-futbolu.pl\/historia\/wp-json\/wp\/v2\/types\/post"}],"author":[{"embeddable":true,"href":"https:\/\/kronika-futbolu.pl\/historia\/wp-json\/wp\/v2\/users\/3"}],"replies":[{"embeddable":true,"href":"https:\/\/kronika-futbolu.pl\/historia\/wp-json\/wp\/v2\/comments?post=8067"}],"version-history":[{"count":0,"href":"https:\/\/kronika-futbolu.pl\/historia\/wp-json\/wp\/v2\/posts\/8067\/revisions"}],"wp:featuredmedia":[{"embeddable":true,"href":"https:\/\/kronika-futbolu.pl\/historia\/wp-json\/wp\/v2\/media\/1705"}],"wp:attachment":[{"href":"https:\/\/kronika-futbolu.pl\/historia\/wp-json\/wp\/v2\/media?parent=8067"}],"wp:term":[{"taxonomy":"category","embeddable":true,"href":"https:\/\/kronika-futbolu.pl\/historia\/wp-json\/wp\/v2\/categories?post=8067"},{"taxonomy":"post_tag","embeddable":true,"href":"https:\/\/kronika-futbolu.pl\/historia\/wp-json\/wp\/v2\/tags?post=8067"}],"curies":[{"name":"wp","href":"https:\/\/api.w.org\/{rel}","templated":true}]}}