{"id":8075,"date":"2019-12-01T00:01:00","date_gmt":"2019-11-30T23:01:00","guid":{"rendered":"https:\/\/kronika-futbolu.pl\/historia\/?p=8075"},"modified":"2022-10-14T14:48:22","modified_gmt":"2022-10-14T12:48:22","slug":"pilkarska-kartka-z-kalendarza-1-grudnia","status":"publish","type":"post","link":"https:\/\/kronika-futbolu.pl\/historia\/pilkarska-kartka-z-kalendarza-1-grudnia\/","title":{"rendered":"Pi\u0142karska kartka z kalendarza 1 grudnia"},"content":{"rendered":"<h4>Pi\u0142karska kartka z kalendarza 1 grudnia<\/h4>\n<p>1923.12.01 Urodzi\u0142 si\u0119 <strong>Ferenc Szusza<\/strong>, w\u0119gierski pi\u0142karz, trener pi\u0142karski, zawodnik \u00dajpestu ponad 400 mecz\u00f3w i prawie 400 bramek, 4 raz mistrz W\u0119gier (zm. 2006)<\/p>\n<p>1963.12.01 W Opolu Urodzi\u0142 si\u0119 Marek Czakon, napastnik, w 1990 roku zosta\u0142 kr\u00f3lem strzelc\u00f3w najwy\u017cszej klasy rozgrywkowej w Finlandii &#8211; z dru\u017cyn\u0105 FC IlvesTampereen, strzeli\u0142 16 bramek w 22 meczach. Wychowanek Odry Opole, zawodnik tak\u017ce G\u00f3rnika Zabrzem Olimpii Pozna\u0144, Bro\u0144 Radom, BK Frem (Dania), SV Eintracht (Niemcy), Union Berlin, Waldhof Mannheim (Niemcy), SV 07 Elversberg (Niemcy), US Hostert (Luksemburg), SG Gusenburg\/Grimburg (Niemcy), i SV P\u00f6lich\/Schleich (Niemcy). Reprezentant Polski do lat 21.<\/p>\n<p>1964.12.01 Urodzi\u0142 si\u0119 <strong>Salvatore Toto Schillaci<\/strong>&#8211; W\u0142och, kr\u00f3l strzelc\u00f3w mundialu 1990 (6 bramek), zdobywca Pucharu UEFA z Juventusem w 1990<\/p>\n<p>1974.12.01 Urodzi\u0142 si\u0119 <strong>Costinha<\/strong>, portugalski pi\u0142karz, zdobywca Pucharu UEFA i Ligi Mistrz\u00f3w z FC Porto, wicemistrz Europy 2004<\/p>\n<p>2010.12.01<strong> Lech Pozna\u0144-Juventus Turyn<\/strong> 1-1 Liga Europejska, faza grupowa bramki: Artjoms Rud\u0146evs 12&#8242; &#8211; Vincenzo Iaquinta 84&#8242;<\/p>\n<p>2011.12.01 <strong>Odense Boldklub-Wis\u0142a Krak\u00f3w<\/strong> 1-2 Liga Europejska, faza grupowa bramki: Rasmus Falk Jensen 51&#8242; &#8211; Dudu Biton 20&#8242;, Patryk Ma\u0142ecki 28&#8242;<\/p>\n","protected":false},"excerpt":{"rendered":"<p>Pi\u0142karska kartka z kalendarza 1 grudnia 1923.12.01 Urodzi\u0142 si\u0119 Ferenc Szusza, w\u0119gierski pi\u0142karz, trener pi\u0142karski, zawodnik \u00dajpestu ponad 400 mecz\u00f3w i prawie 400 bramek, 4 raz mistrz W\u0119gier (zm. 2006) 1963.12.01 W Opolu Urodzi\u0142 si\u0119 Marek Czakon, napastnik, w 1990 roku zosta\u0142 kr\u00f3lem strzelc\u00f3w najwy\u017cszej klasy rozgrywkowej w Finlandii &#8211; z dru\u017cyn\u0105 FC IlvesTampereen, strzeli\u0142 [&hellip;]<\/p>\n","protected":false},"author":3,"featured_media":0,"comment_status":"closed","ping_status":"open","sticky":false,"template":"","format":"standard","meta":{"_acf_changed":false,"footnotes":""},"categories":[144],"tags":[],"class_list":["post-8075","post","type-post","status-publish","format-standard","hentry","category-kartka-z-kalendarza"],"acf":[],"_links":{"self":[{"href":"https:\/\/kronika-futbolu.pl\/historia\/wp-json\/wp\/v2\/posts\/8075","targetHints":{"allow":["GET"]}}],"collection":[{"href":"https:\/\/kronika-futbolu.pl\/historia\/wp-json\/wp\/v2\/posts"}],"about":[{"href":"https:\/\/kronika-futbolu.pl\/historia\/wp-json\/wp\/v2\/types\/post"}],"author":[{"embeddable":true,"href":"https:\/\/kronika-futbolu.pl\/historia\/wp-json\/wp\/v2\/users\/3"}],"replies":[{"embeddable":true,"href":"https:\/\/kronika-futbolu.pl\/historia\/wp-json\/wp\/v2\/comments?post=8075"}],"version-history":[{"count":1,"href":"https:\/\/kronika-futbolu.pl\/historia\/wp-json\/wp\/v2\/posts\/8075\/revisions"}],"predecessor-version":[{"id":13026,"href":"https:\/\/kronika-futbolu.pl\/historia\/wp-json\/wp\/v2\/posts\/8075\/revisions\/13026"}],"wp:attachment":[{"href":"https:\/\/kronika-futbolu.pl\/historia\/wp-json\/wp\/v2\/media?parent=8075"}],"wp:term":[{"taxonomy":"category","embeddable":true,"href":"https:\/\/kronika-futbolu.pl\/historia\/wp-json\/wp\/v2\/categories?post=8075"},{"taxonomy":"post_tag","embeddable":true,"href":"https:\/\/kronika-futbolu.pl\/historia\/wp-json\/wp\/v2\/tags?post=8075"}],"curies":[{"name":"wp","href":"https:\/\/api.w.org\/{rel}","templated":true}]}}