{"id":8079,"date":"2019-12-03T00:01:49","date_gmt":"2019-12-02T23:01:49","guid":{"rendered":"https:\/\/kronika-futbolu.pl\/historia\/?p=8079"},"modified":"2022-10-17T09:45:04","modified_gmt":"2022-10-17T07:45:04","slug":"pilkarska-kartka-z-kalendarza-3-grudnia","status":"publish","type":"post","link":"https:\/\/kronika-futbolu.pl\/historia\/pilkarska-kartka-z-kalendarza-3-grudnia\/","title":{"rendered":"Pi\u0142karska kartka z kalendarza 3 grudnia"},"content":{"rendered":"<h4>Pi\u0142karska kartka z kalendarza 3 grudnia<\/h4>\n<p>1906.12.03 W Turynie za\u0142o\u017cono klub pi\u0142karski <strong>Torino FC<\/strong>. 7-krotny mistrz W\u0142och 1928, 1943, 1946, 1947, 1948, 1949, 1976<\/p>\n<p>1923.12.03 Urodzi\u0142 si\u0119 <strong>Stjepan Bobek<\/strong>, chorwacki pi\u0142karz, trener pi\u0142karski, w latach 1945-1959 zawodnik Partizana Belgrad w kt\u00f3rym rozegra\u0142 468 spotka\u0144 i strzeli\u0142 403 bramki, najlepszy pi\u0142karz Partizana w historii klubu, prac\u0119 trenersk\u0105 rozpocz\u0105\u0142 w Legii Warszawa (zm. 2010)<\/p>\n<p>1970.12.03 Urodzi\u0142 si\u0119 <strong>Christian Karembeu<\/strong>, francuski pi\u0142karz, mistrz \u015bwiata 1998, mistrz Europy 2000 i zdobywca z Realem Madryt ligi mistrz\u00f3w 2000<\/p>\n<p>1964.12.03 <strong>Galatasaray Stambu\u0142- Legia Warszawa<\/strong> 1-0 Puchar Zdobywc\u00f3w Puchar\u00f3w 1\/8 fina\u0142u gol: Metin Oktay 22&#8242;<\/p>\n<p>1996.12.03 Urodzi\u0142a si\u0119 <strong>Ewa Pajor<\/strong><\/p>\n<p>1933.12.03 <strong>Niemcy &#8211; Polska<\/strong> 1-0 Berlin MT gol: Josef Rasselnberg 89&#8242;<\/p>\n<p>1966.12.03 <strong>Izrael &#8211; Polska<\/strong> 0- 0 Jaffa MT<\/p>\n<p>1991.12.03 <strong>Egipt &#8211; Polska<\/strong> 4-0 Kair MT bramki: El Kas 40&#8242;, Ibrahim Hassan 55&#8242;, Ayman Ragab 70&#8242;, Ibrahim Youssef 72&#8242;<\/p>\n","protected":false},"excerpt":{"rendered":"<p>Pi\u0142karska kartka z kalendarza 3 grudnia 1906.12.03 W Turynie za\u0142o\u017cono klub pi\u0142karski Torino FC. 7-krotny mistrz W\u0142och 1928, 1943, 1946, 1947, 1948, 1949, 1976 1923.12.03 Urodzi\u0142 si\u0119 Stjepan Bobek, chorwacki pi\u0142karz, trener pi\u0142karski, w latach 1945-1959 zawodnik Partizana Belgrad w kt\u00f3rym rozegra\u0142 468 spotka\u0144 i strzeli\u0142 403 bramki, najlepszy pi\u0142karz Partizana w historii klubu, prac\u0119 [&hellip;]<\/p>\n","protected":false},"author":3,"featured_media":12991,"comment_status":"closed","ping_status":"open","sticky":false,"template":"","format":"standard","meta":{"_acf_changed":false,"footnotes":""},"categories":[144],"tags":[143],"class_list":["post-8079","post","type-post","status-publish","format-standard","has-post-thumbnail","hentry","category-kartka-z-kalendarza","tag-kalendarium"],"acf":[],"_links":{"self":[{"href":"https:\/\/kronika-futbolu.pl\/historia\/wp-json\/wp\/v2\/posts\/8079","targetHints":{"allow":["GET"]}}],"collection":[{"href":"https:\/\/kronika-futbolu.pl\/historia\/wp-json\/wp\/v2\/posts"}],"about":[{"href":"https:\/\/kronika-futbolu.pl\/historia\/wp-json\/wp\/v2\/types\/post"}],"author":[{"embeddable":true,"href":"https:\/\/kronika-futbolu.pl\/historia\/wp-json\/wp\/v2\/users\/3"}],"replies":[{"embeddable":true,"href":"https:\/\/kronika-futbolu.pl\/historia\/wp-json\/wp\/v2\/comments?post=8079"}],"version-history":[{"count":1,"href":"https:\/\/kronika-futbolu.pl\/historia\/wp-json\/wp\/v2\/posts\/8079\/revisions"}],"predecessor-version":[{"id":13297,"href":"https:\/\/kronika-futbolu.pl\/historia\/wp-json\/wp\/v2\/posts\/8079\/revisions\/13297"}],"wp:featuredmedia":[{"embeddable":true,"href":"https:\/\/kronika-futbolu.pl\/historia\/wp-json\/wp\/v2\/media\/12991"}],"wp:attachment":[{"href":"https:\/\/kronika-futbolu.pl\/historia\/wp-json\/wp\/v2\/media?parent=8079"}],"wp:term":[{"taxonomy":"category","embeddable":true,"href":"https:\/\/kronika-futbolu.pl\/historia\/wp-json\/wp\/v2\/categories?post=8079"},{"taxonomy":"post_tag","embeddable":true,"href":"https:\/\/kronika-futbolu.pl\/historia\/wp-json\/wp\/v2\/tags?post=8079"}],"curies":[{"name":"wp","href":"https:\/\/api.w.org\/{rel}","templated":true}]}}