{"id":8083,"date":"2019-12-04T00:01:22","date_gmt":"2019-12-03T23:01:22","guid":{"rendered":"https:\/\/kronika-futbolu.pl\/historia\/?p=8083"},"modified":"2019-12-04T00:01:22","modified_gmt":"2019-12-03T23:01:22","slug":"pilkarska-kartka-z-kalendarza-4-grudnia","status":"publish","type":"post","link":"https:\/\/kronika-futbolu.pl\/historia\/pilkarska-kartka-z-kalendarza-4-grudnia\/","title":{"rendered":"Pi\u0142karska kartka z kalendarza 4 grudnia"},"content":{"rendered":"<h4>Pi\u0142karska kartka z kalendarza 4 grudnia<\/h4>\n<p>1926.12.04 Na zebraniu za\u0142o\u017cycielskim w Warszawie utworzono Polsk\u0105 Lig\u0119 Pi\u0142ki No\u017cnej.<\/p>\n<p>1996.12.04 <strong>Atletico Madryt-Widzew \u0141\u00f3d\u017a<\/strong> 1-0 Liga Mistrz\u00f3w faza grupowa gol: Milinko Panti\u0107 83&#8242;<\/p>\n<p>2008.12.04 <strong>Lech Pozna\u0144- Deportivo La Coruna<\/strong> 1-1 Puchar UEFA faza grupowa bramki: Hern\u00e1n Rengifo Trigoso 41&#8242; &#8211; Diego Daniel Colotto 2&#8242;<\/p>\n","protected":false},"excerpt":{"rendered":"<p>Pi\u0142karska kartka z kalendarza 4 grudnia 1926.12.04 Na zebraniu za\u0142o\u017cycielskim w Warszawie utworzono Polsk\u0105 Lig\u0119 Pi\u0142ki No\u017cnej. 1996.12.04 Atletico Madryt-Widzew \u0141\u00f3d\u017a 1-0 Liga Mistrz\u00f3w faza grupowa gol: Milinko Panti\u0107 83&#8242; 2008.12.04 Lech Pozna\u0144- Deportivo La Coruna 1-1 Puchar UEFA faza grupowa bramki: Hern\u00e1n Rengifo Trigoso 41&#8242; &#8211; Diego Daniel Colotto 2&#8242;<\/p>\n","protected":false},"author":3,"featured_media":0,"comment_status":"closed","ping_status":"open","sticky":false,"template":"","format":"standard","meta":{"_acf_changed":false,"footnotes":""},"categories":[144],"tags":[143],"class_list":["post-8083","post","type-post","status-publish","format-standard","hentry","category-kartka-z-kalendarza","tag-kalendarium"],"acf":[],"_links":{"self":[{"href":"https:\/\/kronika-futbolu.pl\/historia\/wp-json\/wp\/v2\/posts\/8083","targetHints":{"allow":["GET"]}}],"collection":[{"href":"https:\/\/kronika-futbolu.pl\/historia\/wp-json\/wp\/v2\/posts"}],"about":[{"href":"https:\/\/kronika-futbolu.pl\/historia\/wp-json\/wp\/v2\/types\/post"}],"author":[{"embeddable":true,"href":"https:\/\/kronika-futbolu.pl\/historia\/wp-json\/wp\/v2\/users\/3"}],"replies":[{"embeddable":true,"href":"https:\/\/kronika-futbolu.pl\/historia\/wp-json\/wp\/v2\/comments?post=8083"}],"version-history":[{"count":0,"href":"https:\/\/kronika-futbolu.pl\/historia\/wp-json\/wp\/v2\/posts\/8083\/revisions"}],"wp:attachment":[{"href":"https:\/\/kronika-futbolu.pl\/historia\/wp-json\/wp\/v2\/media?parent=8083"}],"wp:term":[{"taxonomy":"category","embeddable":true,"href":"https:\/\/kronika-futbolu.pl\/historia\/wp-json\/wp\/v2\/categories?post=8083"},{"taxonomy":"post_tag","embeddable":true,"href":"https:\/\/kronika-futbolu.pl\/historia\/wp-json\/wp\/v2\/tags?post=8083"}],"curies":[{"name":"wp","href":"https:\/\/api.w.org\/{rel}","templated":true}]}}