{"id":8093,"date":"2019-12-09T00:05:06","date_gmt":"2019-12-08T23:05:06","guid":{"rendered":"https:\/\/kronika-futbolu.pl\/historia\/?p=8093"},"modified":"2022-10-15T12:42:17","modified_gmt":"2022-10-15T10:42:17","slug":"pilkarska-kartka-z-kalendarza-9-grudnia","status":"publish","type":"post","link":"https:\/\/kronika-futbolu.pl\/historia\/pilkarska-kartka-z-kalendarza-9-grudnia\/","title":{"rendered":"Pi\u0142karska kartka z kalendarza 9 grudnia"},"content":{"rendered":"<h4>Pi\u0142karska kartka z kalendarza 9 grudnia<\/h4>\n<p>2006.12.09 W charytatywnym meczu na rzecz rodzin ofiar tragedii w kopalni Halemba Reprezentacja \u015al\u0105ska zremisowa\u0142a z Reprezentacj\u0105 Polski 1-1 bramki: Adam Kompa\u0142a 11&#8242;- \u0141ukasz Gargu\u0142a 57&#8242;. Mecz rozegrano na stadionie Ruchu Chorz\u00f3w. By\u0142o to pierwsze od 53 lat spotkanie obu reprezentacji.<\/p>\n<p>1906.12.09 &#8211; Za\u0142o\u017cono luksemburski klub pi\u0142karski <strong>Fola Esch <\/strong>wielokrotny mistrz Luksemburga.<\/p>\n<p>1955.12.09 Urodzi\u0142 si\u0119 <strong>Janusz Kupcewicz<\/strong>, pomocnik, zdobywca 3 miejsca na Mistrzostwach \u015awiata 1982<\/p>\n<p>1969.12.09 Urodzi\u0142 si\u0119 <strong>Bixente Lizarazu<\/strong>, francuski obro\u0144ca, mistrz \u015bwiata 1998 i Europy 2000<br \/>\n1983.12.09 Urodzi\u0142 si\u0119 <strong>Dariusz Dudka, <\/strong>mistrz Polski 2008 z Wis\u0142\u0105 Krak\u00f3w i zodbywca Superpucharu Polski 2000 z Amic\u0105 i 2016 z Lechem Pozna\u01441991-12-09 <strong> Kuwejt &#8211; Polska<\/strong> 0-2 MT Kuwejt bramki: Zdzis\u0142aw Janik 2&#8242;, Marek Rzepka 67&#8242;<\/p>\n<p>&nbsp;<\/p>\n","protected":false},"excerpt":{"rendered":"<p>Pi\u0142karska kartka z kalendarza 9 grudnia 2006.12.09 W charytatywnym meczu na rzecz rodzin ofiar tragedii w kopalni Halemba Reprezentacja \u015al\u0105ska zremisowa\u0142a z Reprezentacj\u0105 Polski 1-1 bramki: Adam Kompa\u0142a 11&#8242;- \u0141ukasz Gargu\u0142a 57&#8242;. Mecz rozegrano na stadionie Ruchu Chorz\u00f3w. By\u0142o to pierwsze od 53 lat spotkanie obu reprezentacji. 1906.12.09 &#8211; Za\u0142o\u017cono luksemburski klub pi\u0142karski Fola Esch [&hellip;]<\/p>\n","protected":false},"author":3,"featured_media":12991,"comment_status":"closed","ping_status":"open","sticky":false,"template":"","format":"standard","meta":{"_acf_changed":false,"footnotes":""},"categories":[144],"tags":[143],"class_list":["post-8093","post","type-post","status-publish","format-standard","has-post-thumbnail","hentry","category-kartka-z-kalendarza","tag-kalendarium"],"acf":[],"_links":{"self":[{"href":"https:\/\/kronika-futbolu.pl\/historia\/wp-json\/wp\/v2\/posts\/8093","targetHints":{"allow":["GET"]}}],"collection":[{"href":"https:\/\/kronika-futbolu.pl\/historia\/wp-json\/wp\/v2\/posts"}],"about":[{"href":"https:\/\/kronika-futbolu.pl\/historia\/wp-json\/wp\/v2\/types\/post"}],"author":[{"embeddable":true,"href":"https:\/\/kronika-futbolu.pl\/historia\/wp-json\/wp\/v2\/users\/3"}],"replies":[{"embeddable":true,"href":"https:\/\/kronika-futbolu.pl\/historia\/wp-json\/wp\/v2\/comments?post=8093"}],"version-history":[{"count":1,"href":"https:\/\/kronika-futbolu.pl\/historia\/wp-json\/wp\/v2\/posts\/8093\/revisions"}],"predecessor-version":[{"id":13181,"href":"https:\/\/kronika-futbolu.pl\/historia\/wp-json\/wp\/v2\/posts\/8093\/revisions\/13181"}],"wp:featuredmedia":[{"embeddable":true,"href":"https:\/\/kronika-futbolu.pl\/historia\/wp-json\/wp\/v2\/media\/12991"}],"wp:attachment":[{"href":"https:\/\/kronika-futbolu.pl\/historia\/wp-json\/wp\/v2\/media?parent=8093"}],"wp:term":[{"taxonomy":"category","embeddable":true,"href":"https:\/\/kronika-futbolu.pl\/historia\/wp-json\/wp\/v2\/categories?post=8093"},{"taxonomy":"post_tag","embeddable":true,"href":"https:\/\/kronika-futbolu.pl\/historia\/wp-json\/wp\/v2\/tags?post=8093"}],"curies":[{"name":"wp","href":"https:\/\/api.w.org\/{rel}","templated":true}]}}