{"id":8102,"date":"2019-12-12T00:01:14","date_gmt":"2019-12-11T23:01:14","guid":{"rendered":"https:\/\/kronika-futbolu.pl\/historia\/?p=8102"},"modified":"2019-12-12T00:01:14","modified_gmt":"2019-12-11T23:01:14","slug":"pilkarska-kartka-z-kalendarza-12-grudnia","status":"publish","type":"post","link":"https:\/\/kronika-futbolu.pl\/historia\/pilkarska-kartka-z-kalendarza-12-grudnia\/","title":{"rendered":"Pi\u0142karska kartka z kalendarza 12 grudnia"},"content":{"rendered":"<h4>Pi\u0142karska kartka z kalendarza 12 grudnia<\/h4>\n<p><span style=\"color: #333333;\">1984.12.12 Urodzi\u0142 si\u0119 <strong>Daniel Agger <\/strong>du\u0144ski obro\u0144ca, by\u0142y zawodnik Br\u00f8ndby IF i Liverpoolu<\/span><\/p>\n<p><span style=\"color: #333333;\">1973-12-12 <strong>Ruch Chorz\u00f3w &#8211; Honved Budapeszt<\/strong> 5-0 Puchar UEFA 1\/8 fina\u0142u bramki: Jozef Bon 34&#8242;, J\u00f3zef Kopicera 52&#8242;, 72&#8242;-k, Joachim Marx 60&#8242;, Bronek Bula 62&#8242;<\/span><\/p>\n<p><span style=\"color: #333333;\">1984-12-12 <strong>Dynamo Mi\u0144sk-Widzew \u0141\u00f3d\u017a<\/strong> 0-1 1\/8 fina\u0142u Pucharu UEFA gol: Dariusz Dziekanowski 10&#8242;<\/span><\/p>\n","protected":false},"excerpt":{"rendered":"<p>Pi\u0142karska kartka z kalendarza 12 grudnia 1984.12.12 Urodzi\u0142 si\u0119 Daniel Agger du\u0144ski obro\u0144ca, by\u0142y zawodnik Br\u00f8ndby IF i Liverpoolu 1973-12-12 Ruch Chorz\u00f3w &#8211; Honved Budapeszt 5-0 Puchar UEFA 1\/8 fina\u0142u bramki: Jozef Bon 34&#8242;, J\u00f3zef Kopicera 52&#8242;, 72&#8242;-k, Joachim Marx 60&#8242;, Bronek Bula 62&#8242; 1984-12-12 Dynamo Mi\u0144sk-Widzew \u0141\u00f3d\u017a 0-1 1\/8 fina\u0142u Pucharu UEFA gol: Dariusz [&hellip;]<\/p>\n","protected":false},"author":3,"featured_media":0,"comment_status":"closed","ping_status":"open","sticky":false,"template":"","format":"standard","meta":{"_acf_changed":false,"footnotes":""},"categories":[144],"tags":[143],"class_list":["post-8102","post","type-post","status-publish","format-standard","hentry","category-kartka-z-kalendarza","tag-kalendarium"],"acf":[],"_links":{"self":[{"href":"https:\/\/kronika-futbolu.pl\/historia\/wp-json\/wp\/v2\/posts\/8102","targetHints":{"allow":["GET"]}}],"collection":[{"href":"https:\/\/kronika-futbolu.pl\/historia\/wp-json\/wp\/v2\/posts"}],"about":[{"href":"https:\/\/kronika-futbolu.pl\/historia\/wp-json\/wp\/v2\/types\/post"}],"author":[{"embeddable":true,"href":"https:\/\/kronika-futbolu.pl\/historia\/wp-json\/wp\/v2\/users\/3"}],"replies":[{"embeddable":true,"href":"https:\/\/kronika-futbolu.pl\/historia\/wp-json\/wp\/v2\/comments?post=8102"}],"version-history":[{"count":0,"href":"https:\/\/kronika-futbolu.pl\/historia\/wp-json\/wp\/v2\/posts\/8102\/revisions"}],"wp:attachment":[{"href":"https:\/\/kronika-futbolu.pl\/historia\/wp-json\/wp\/v2\/media?parent=8102"}],"wp:term":[{"taxonomy":"category","embeddable":true,"href":"https:\/\/kronika-futbolu.pl\/historia\/wp-json\/wp\/v2\/categories?post=8102"},{"taxonomy":"post_tag","embeddable":true,"href":"https:\/\/kronika-futbolu.pl\/historia\/wp-json\/wp\/v2\/tags?post=8102"}],"curies":[{"name":"wp","href":"https:\/\/api.w.org\/{rel}","templated":true}]}}