{"id":8134,"date":"2019-12-27T00:01:24","date_gmt":"2019-12-26T23:01:24","guid":{"rendered":"https:\/\/kronika-futbolu.pl\/historia\/?p=8134"},"modified":"2022-10-17T09:39:31","modified_gmt":"2022-10-17T07:39:31","slug":"pilkarska-kartka-z-kalendarza-26-grudnia-2","status":"publish","type":"post","link":"https:\/\/kronika-futbolu.pl\/historia\/pilkarska-kartka-z-kalendarza-26-grudnia-2\/","title":{"rendered":"Pi\u0142karska kartka z kalendarza 27 grudnia"},"content":{"rendered":"<h4>Pi\u0142karska kartka z kalendarza 27 grudnia<\/h4>\n<p><span style=\"color: #333333;\">1889.12.27 Urodzi\u0142 si\u0119 <strong>W\u0142odzimierz Polaczek<\/strong>, pomocnik, jeden z wsp\u00f3\u0142za\u0142o\u017cycieli Wis\u0142y Krak\u00f3w, podstawowy zawodnik tej dru\u017cyny, uczestnik Mistrzostw Galicji, reprezentant Krakowa, zaliczany do tych pi\u0142karzy kt\u00f3rzy zostawiali du\u017co serca na boisku, za walk\u0119 z okupantem aresztowany i osadzony w obozie w Neuengamme gdzie zmar\u0142 w 1944.<\/span><\/p>\n<p><span style=\"color: #333333;\"><br \/>\n1932.12.27 &#8211; <strong>Jerzy Wo\u017aniak<\/strong>, polski pi\u0142karz, 2-krotny mistrz polski z Legi\u0105 1955,1956, uczestnik IO w Rzymie reprezentant Polski (zm. 2011)<\/span><\/p>\n<p><span style=\"color: #333333;\">1950.12.27 &#8211; <strong>Roberto Bettega<\/strong>, w\u0142oski pi\u0142karz 1969-1983 zawodnik Juventusu Turyn<\/span><\/p>\n","protected":false},"excerpt":{"rendered":"<p>Pi\u0142karska kartka z kalendarza 27 grudnia 1889.12.27 Urodzi\u0142 si\u0119 W\u0142odzimierz Polaczek, pomocnik, jeden z wsp\u00f3\u0142za\u0142o\u017cycieli Wis\u0142y Krak\u00f3w, podstawowy zawodnik tej dru\u017cyny, uczestnik Mistrzostw Galicji, reprezentant Krakowa, zaliczany do tych pi\u0142karzy kt\u00f3rzy zostawiali du\u017co serca na boisku, za walk\u0119 z okupantem aresztowany i osadzony w obozie w Neuengamme gdzie zmar\u0142 w 1944. 1932.12.27 &#8211; Jerzy Wo\u017aniak, [&hellip;]<\/p>\n","protected":false},"author":3,"featured_media":12991,"comment_status":"closed","ping_status":"open","sticky":false,"template":"","format":"standard","meta":{"_acf_changed":false,"footnotes":""},"categories":[144],"tags":[],"class_list":["post-8134","post","type-post","status-publish","format-standard","has-post-thumbnail","hentry","category-kartka-z-kalendarza"],"acf":[],"_links":{"self":[{"href":"https:\/\/kronika-futbolu.pl\/historia\/wp-json\/wp\/v2\/posts\/8134","targetHints":{"allow":["GET"]}}],"collection":[{"href":"https:\/\/kronika-futbolu.pl\/historia\/wp-json\/wp\/v2\/posts"}],"about":[{"href":"https:\/\/kronika-futbolu.pl\/historia\/wp-json\/wp\/v2\/types\/post"}],"author":[{"embeddable":true,"href":"https:\/\/kronika-futbolu.pl\/historia\/wp-json\/wp\/v2\/users\/3"}],"replies":[{"embeddable":true,"href":"https:\/\/kronika-futbolu.pl\/historia\/wp-json\/wp\/v2\/comments?post=8134"}],"version-history":[{"count":1,"href":"https:\/\/kronika-futbolu.pl\/historia\/wp-json\/wp\/v2\/posts\/8134\/revisions"}],"predecessor-version":[{"id":13286,"href":"https:\/\/kronika-futbolu.pl\/historia\/wp-json\/wp\/v2\/posts\/8134\/revisions\/13286"}],"wp:featuredmedia":[{"embeddable":true,"href":"https:\/\/kronika-futbolu.pl\/historia\/wp-json\/wp\/v2\/media\/12991"}],"wp:attachment":[{"href":"https:\/\/kronika-futbolu.pl\/historia\/wp-json\/wp\/v2\/media?parent=8134"}],"wp:term":[{"taxonomy":"category","embeddable":true,"href":"https:\/\/kronika-futbolu.pl\/historia\/wp-json\/wp\/v2\/categories?post=8134"},{"taxonomy":"post_tag","embeddable":true,"href":"https:\/\/kronika-futbolu.pl\/historia\/wp-json\/wp\/v2\/tags?post=8134"}],"curies":[{"name":"wp","href":"https:\/\/api.w.org\/{rel}","templated":true}]}}