{"id":8138,"date":"2019-12-28T00:01:09","date_gmt":"2019-12-27T23:01:09","guid":{"rendered":"https:\/\/kronika-futbolu.pl\/historia\/?p=8138"},"modified":"2022-10-17T09:39:12","modified_gmt":"2022-10-17T07:39:12","slug":"pilkarska-kartka-z-kalendarza-28-grudnia","status":"publish","type":"post","link":"https:\/\/kronika-futbolu.pl\/historia\/pilkarska-kartka-z-kalendarza-28-grudnia\/","title":{"rendered":"Pi\u0142karska kartka z kalendarza 28 grudnia"},"content":{"rendered":"<h4>Pi\u0142karska kartka z kalendarza 28 grudnia<\/h4>\n<p>1965.12.28 &#8211; Za\u0142o\u017cono niemiecki klub pi\u0142karski <strong>FC Hansa Rostock<\/strong>.<\/p>\n<p>1942.12.28 W Sanoku urodzi\u0142 si\u0119 <strong>Orest Lenczyk<\/strong>, trener, 587 mecz\u00f3w w roli trenera klub\u00f3w polskiej ekstraklasy, mistrz Polski 1978 z Wis\u0142\u0105 Krak\u00f3w i 2012 ze \u015al\u0105skiem Wroc\u0142aw, Trener Roku 1990, 2006 wg tygodnika Pi\u0142ka No\u017cna<\/p>\n","protected":false},"excerpt":{"rendered":"<p>Pi\u0142karska kartka z kalendarza 28 grudnia 1965.12.28 &#8211; Za\u0142o\u017cono niemiecki klub pi\u0142karski FC Hansa Rostock. 1942.12.28 W Sanoku urodzi\u0142 si\u0119 Orest Lenczyk, trener, 587 mecz\u00f3w w roli trenera klub\u00f3w polskiej ekstraklasy, mistrz Polski 1978 z Wis\u0142\u0105 Krak\u00f3w i 2012 ze \u015al\u0105skiem Wroc\u0142aw, Trener Roku 1990, 2006 wg tygodnika Pi\u0142ka No\u017cna<\/p>\n","protected":false},"author":3,"featured_media":12991,"comment_status":"closed","ping_status":"open","sticky":false,"template":"","format":"standard","meta":{"_acf_changed":false,"footnotes":""},"categories":[144],"tags":[143],"class_list":["post-8138","post","type-post","status-publish","format-standard","has-post-thumbnail","hentry","category-kartka-z-kalendarza","tag-kalendarium"],"acf":[],"_links":{"self":[{"href":"https:\/\/kronika-futbolu.pl\/historia\/wp-json\/wp\/v2\/posts\/8138","targetHints":{"allow":["GET"]}}],"collection":[{"href":"https:\/\/kronika-futbolu.pl\/historia\/wp-json\/wp\/v2\/posts"}],"about":[{"href":"https:\/\/kronika-futbolu.pl\/historia\/wp-json\/wp\/v2\/types\/post"}],"author":[{"embeddable":true,"href":"https:\/\/kronika-futbolu.pl\/historia\/wp-json\/wp\/v2\/users\/3"}],"replies":[{"embeddable":true,"href":"https:\/\/kronika-futbolu.pl\/historia\/wp-json\/wp\/v2\/comments?post=8138"}],"version-history":[{"count":1,"href":"https:\/\/kronika-futbolu.pl\/historia\/wp-json\/wp\/v2\/posts\/8138\/revisions"}],"predecessor-version":[{"id":13285,"href":"https:\/\/kronika-futbolu.pl\/historia\/wp-json\/wp\/v2\/posts\/8138\/revisions\/13285"}],"wp:featuredmedia":[{"embeddable":true,"href":"https:\/\/kronika-futbolu.pl\/historia\/wp-json\/wp\/v2\/media\/12991"}],"wp:attachment":[{"href":"https:\/\/kronika-futbolu.pl\/historia\/wp-json\/wp\/v2\/media?parent=8138"}],"wp:term":[{"taxonomy":"category","embeddable":true,"href":"https:\/\/kronika-futbolu.pl\/historia\/wp-json\/wp\/v2\/categories?post=8138"},{"taxonomy":"post_tag","embeddable":true,"href":"https:\/\/kronika-futbolu.pl\/historia\/wp-json\/wp\/v2\/tags?post=8138"}],"curies":[{"name":"wp","href":"https:\/\/api.w.org\/{rel}","templated":true}]}}