{"id":8140,"date":"2019-12-29T00:01:14","date_gmt":"2019-12-28T23:01:14","guid":{"rendered":"https:\/\/kronika-futbolu.pl\/historia\/?p=8140"},"modified":"2020-12-30T08:52:59","modified_gmt":"2020-12-30T07:52:59","slug":"pilkarska-kartka-z-kalendarza-29-grudnia","status":"publish","type":"post","link":"https:\/\/kronika-futbolu.pl\/historia\/pilkarska-kartka-z-kalendarza-29-grudnia\/","title":{"rendered":"Pi\u0142karska kartka z kalendarza 29 grudnia"},"content":{"rendered":"<h4>Pi\u0142karska kartka z kalendarza 29 grudnia<\/h4>\n<p>? 1905.12.29 Przez ksi\u0119dza Ojca Ernesta Abb\u00e9 Deschampsa zosta\u0142 za\u0142o\u017cony francuski klub AJ Auxerre. Mistrz Francji 1996 i zdobywca Pucharu Francji 1994, 1996, 2003, 2005<\/p>\n<p>? 1974.12.29 &#8211; Urodzi\u0142 si\u0119 Tomasz Bobel, polski bramkarz, zawodnik min \u015al\u0105ska, Duisburgaa, Erzgebirge Aue, Bayeru Leverkusen<\/p>\n<p>? 29 grudnia 2007 w wieku 35 lat zmar\u0142 Phil O\u2019Donnell pomocnik szkockiego Motherwell.<\/p>\n<p>Podczas ligowego meczu przeciwko Dundee United O&#8217;Donnell mia\u0142 zosta\u0107 zmieniony przez Fitzpatricka, tu\u017c przed zmian\u0105 upad\u0142 i straci\u0142 przytomno\u015b\u0107, zmar\u0142 w szpitalu, przyczyn\u0105 jak si\u0119 p\u00f3\u017aniej okaza\u0142o by\u0142a niewydolno\u015b\u0107 serca.<\/p>\n<p>Phil O\u2019Donnell by\u0142 wychowankiem Motherwell, gra\u0142 tak\u017ce w Celticu i Sheffield Wednesday. Jeden wyst\u0119p w reprezentacji Szkocji.<\/p>\n<p>Motherwell wygra\u0142o spotkanie 5-3 a w bramce Dundee wyst\u0105pi\u0142 Grzegorz Szamotulski. Strzelcem 2 goli dla &#8222;The Well&#8221; by\u0142 David Clarkson- siostrzeniec zmar\u0142ego kt\u00f3ry opu\u015bci\u0142 boisko w 85 minucie.<\/p>\n","protected":false},"excerpt":{"rendered":"<p>Pi\u0142karska kartka z kalendarza 29 grudnia ? 1905.12.29 Przez ksi\u0119dza Ojca Ernesta Abb\u00e9 Deschampsa zosta\u0142 za\u0142o\u017cony francuski klub AJ Auxerre. Mistrz Francji 1996 i zdobywca Pucharu Francji 1994, 1996, 2003, 2005 ? 1974.12.29 &#8211; Urodzi\u0142 si\u0119 Tomasz Bobel, polski bramkarz, zawodnik min \u015al\u0105ska, Duisburgaa, Erzgebirge Aue, Bayeru Leverkusen ? 29 grudnia 2007 w wieku 35 [&hellip;]<\/p>\n","protected":false},"author":3,"featured_media":812,"comment_status":"closed","ping_status":"open","sticky":false,"template":"","format":"standard","meta":{"_acf_changed":false,"footnotes":""},"categories":[144],"tags":[],"class_list":["post-8140","post","type-post","status-publish","format-standard","has-post-thumbnail","hentry","category-kartka-z-kalendarza"],"acf":[],"_links":{"self":[{"href":"https:\/\/kronika-futbolu.pl\/historia\/wp-json\/wp\/v2\/posts\/8140","targetHints":{"allow":["GET"]}}],"collection":[{"href":"https:\/\/kronika-futbolu.pl\/historia\/wp-json\/wp\/v2\/posts"}],"about":[{"href":"https:\/\/kronika-futbolu.pl\/historia\/wp-json\/wp\/v2\/types\/post"}],"author":[{"embeddable":true,"href":"https:\/\/kronika-futbolu.pl\/historia\/wp-json\/wp\/v2\/users\/3"}],"replies":[{"embeddable":true,"href":"https:\/\/kronika-futbolu.pl\/historia\/wp-json\/wp\/v2\/comments?post=8140"}],"version-history":[{"count":2,"href":"https:\/\/kronika-futbolu.pl\/historia\/wp-json\/wp\/v2\/posts\/8140\/revisions"}],"predecessor-version":[{"id":9977,"href":"https:\/\/kronika-futbolu.pl\/historia\/wp-json\/wp\/v2\/posts\/8140\/revisions\/9977"}],"wp:featuredmedia":[{"embeddable":true,"href":"https:\/\/kronika-futbolu.pl\/historia\/wp-json\/wp\/v2\/media\/812"}],"wp:attachment":[{"href":"https:\/\/kronika-futbolu.pl\/historia\/wp-json\/wp\/v2\/media?parent=8140"}],"wp:term":[{"taxonomy":"category","embeddable":true,"href":"https:\/\/kronika-futbolu.pl\/historia\/wp-json\/wp\/v2\/categories?post=8140"},{"taxonomy":"post_tag","embeddable":true,"href":"https:\/\/kronika-futbolu.pl\/historia\/wp-json\/wp\/v2\/tags?post=8140"}],"curies":[{"name":"wp","href":"https:\/\/api.w.org\/{rel}","templated":true}]}}