{"id":8142,"date":"2019-12-30T00:01:25","date_gmt":"2019-12-29T23:01:25","guid":{"rendered":"https:\/\/kronika-futbolu.pl\/historia\/?p=8142"},"modified":"2022-10-17T09:38:51","modified_gmt":"2022-10-17T07:38:51","slug":"pilkarska-kartka-z-kalendarza-30-grudnia","status":"publish","type":"post","link":"https:\/\/kronika-futbolu.pl\/historia\/pilkarska-kartka-z-kalendarza-30-grudnia\/","title":{"rendered":"Pi\u0142karska kartka z kalendarza 30 grudnia"},"content":{"rendered":"<h4>Pi\u0142karska kartka z kalendarza 30 grudnia<\/h4>\n<p>1946.12.30 Urodzi\u0142 si\u0119 <strong>Berti Vogts<\/strong>, niemiecki pi\u0142karz, trener pi\u0142karski, zdobywca Pucharu UEFA Borussi\u0105 M\u00f6nchengladbach, mistrz \u015bwiata 1974, mistrz Europy 1972, jak trener mistrz \u015bwiata 1990 i Europy 1996, Jako jedyny zdoby\u0142 tytu\u0142 mistrza Europy zar\u00f3wno jako pi\u0142karz i jako szkoleniowiec.<br \/>\n1972.12.30 Urodzi\u0142 si\u0119<strong> Daniel Amokachi<\/strong>, nigeryjski napastnik, mistrz olimpijski 1996<\/p>\n","protected":false},"excerpt":{"rendered":"<p>Pi\u0142karska kartka z kalendarza 30 grudnia 1946.12.30 Urodzi\u0142 si\u0119 Berti Vogts, niemiecki pi\u0142karz, trener pi\u0142karski, zdobywca Pucharu UEFA Borussi\u0105 M\u00f6nchengladbach, mistrz \u015bwiata 1974, mistrz Europy 1972, jak trener mistrz \u015bwiata 1990 i Europy 1996, Jako jedyny zdoby\u0142 tytu\u0142 mistrza Europy zar\u00f3wno jako pi\u0142karz i jako szkoleniowiec. 1972.12.30 Urodzi\u0142 si\u0119 Daniel Amokachi, nigeryjski napastnik, mistrz olimpijski [&hellip;]<\/p>\n","protected":false},"author":3,"featured_media":12991,"comment_status":"closed","ping_status":"open","sticky":false,"template":"","format":"standard","meta":{"_acf_changed":false,"footnotes":""},"categories":[144],"tags":[143],"class_list":["post-8142","post","type-post","status-publish","format-standard","has-post-thumbnail","hentry","category-kartka-z-kalendarza","tag-kalendarium"],"acf":[],"_links":{"self":[{"href":"https:\/\/kronika-futbolu.pl\/historia\/wp-json\/wp\/v2\/posts\/8142","targetHints":{"allow":["GET"]}}],"collection":[{"href":"https:\/\/kronika-futbolu.pl\/historia\/wp-json\/wp\/v2\/posts"}],"about":[{"href":"https:\/\/kronika-futbolu.pl\/historia\/wp-json\/wp\/v2\/types\/post"}],"author":[{"embeddable":true,"href":"https:\/\/kronika-futbolu.pl\/historia\/wp-json\/wp\/v2\/users\/3"}],"replies":[{"embeddable":true,"href":"https:\/\/kronika-futbolu.pl\/historia\/wp-json\/wp\/v2\/comments?post=8142"}],"version-history":[{"count":1,"href":"https:\/\/kronika-futbolu.pl\/historia\/wp-json\/wp\/v2\/posts\/8142\/revisions"}],"predecessor-version":[{"id":13284,"href":"https:\/\/kronika-futbolu.pl\/historia\/wp-json\/wp\/v2\/posts\/8142\/revisions\/13284"}],"wp:featuredmedia":[{"embeddable":true,"href":"https:\/\/kronika-futbolu.pl\/historia\/wp-json\/wp\/v2\/media\/12991"}],"wp:attachment":[{"href":"https:\/\/kronika-futbolu.pl\/historia\/wp-json\/wp\/v2\/media?parent=8142"}],"wp:term":[{"taxonomy":"category","embeddable":true,"href":"https:\/\/kronika-futbolu.pl\/historia\/wp-json\/wp\/v2\/categories?post=8142"},{"taxonomy":"post_tag","embeddable":true,"href":"https:\/\/kronika-futbolu.pl\/historia\/wp-json\/wp\/v2\/tags?post=8142"}],"curies":[{"name":"wp","href":"https:\/\/api.w.org\/{rel}","templated":true}]}}