{"id":8329,"date":"2020-04-06T00:02:09","date_gmt":"2020-04-05T22:02:09","guid":{"rendered":"https:\/\/kronika-futbolu.pl\/historia\/?p=8329"},"modified":"2022-10-17T08:36:13","modified_gmt":"2022-10-17T06:36:13","slug":"pilkarska-kartka-z-kalendarza-6-kwietnia","status":"publish","type":"post","link":"https:\/\/kronika-futbolu.pl\/historia\/pilkarska-kartka-z-kalendarza-6-kwietnia\/","title":{"rendered":"Pi\u0142karska kartka z kalendarza 6 kwietnia"},"content":{"rendered":"<h4>Pi\u0142karska kartka z kalendarza 6 kwietnia<\/h4>\n<p>1930.04.06 <strong>Dave Sexton<\/strong>, angielski napastnik, jako trener zdoby\u0142 z Chelsea Puchar Zdobywc\u00f3w Puchar\u00f3w 1971 (zm. 2012)<\/p>\n<p>1959.04.06 <strong>Pietro Vierchowod<\/strong>, w\u0142oski obro\u0144ca, mistrz \u015bwiata 1982 (jako rezerwowy)<\/p>\n<p>1965.04.06 Urodzi\u0142 si\u0119 <strong>Amedeo Carboni<\/strong>, w\u0142oski obro\u0144ca, zdobywca Pucharu UEFA 2004<\/p>\n<p>1983.04.06 <strong>Juventus Turyn- Widzew \u0141\u00f3d\u017a <\/strong>2-0 bramki: Marco Tardelli 8&#8242;, Roberto Bettega 59&#8242; Puchar Europy p\u00f3\u0142fina\u0142<\/p>\n","protected":false},"excerpt":{"rendered":"<p>Pi\u0142karska kartka z kalendarza 6 kwietnia 1930.04.06 Dave Sexton, angielski napastnik, jako trener zdoby\u0142 z Chelsea Puchar Zdobywc\u00f3w Puchar\u00f3w 1971 (zm. 2012) 1959.04.06 Pietro Vierchowod, w\u0142oski obro\u0144ca, mistrz \u015bwiata 1982 (jako rezerwowy) 1965.04.06 Urodzi\u0142 si\u0119 Amedeo Carboni, w\u0142oski obro\u0144ca, zdobywca Pucharu UEFA 2004 1983.04.06 Juventus Turyn- Widzew \u0141\u00f3d\u017a 2-0 bramki: Marco Tardelli 8&#8242;, Roberto Bettega [&hellip;]<\/p>\n","protected":false},"author":3,"featured_media":12991,"comment_status":"closed","ping_status":"open","sticky":false,"template":"","format":"standard","meta":{"_acf_changed":false,"footnotes":""},"categories":[144],"tags":[143],"class_list":["post-8329","post","type-post","status-publish","format-standard","has-post-thumbnail","hentry","category-kartka-z-kalendarza","tag-kalendarium"],"acf":[],"_links":{"self":[{"href":"https:\/\/kronika-futbolu.pl\/historia\/wp-json\/wp\/v2\/posts\/8329","targetHints":{"allow":["GET"]}}],"collection":[{"href":"https:\/\/kronika-futbolu.pl\/historia\/wp-json\/wp\/v2\/posts"}],"about":[{"href":"https:\/\/kronika-futbolu.pl\/historia\/wp-json\/wp\/v2\/types\/post"}],"author":[{"embeddable":true,"href":"https:\/\/kronika-futbolu.pl\/historia\/wp-json\/wp\/v2\/users\/3"}],"replies":[{"embeddable":true,"href":"https:\/\/kronika-futbolu.pl\/historia\/wp-json\/wp\/v2\/comments?post=8329"}],"version-history":[{"count":1,"href":"https:\/\/kronika-futbolu.pl\/historia\/wp-json\/wp\/v2\/posts\/8329\/revisions"}],"predecessor-version":[{"id":13203,"href":"https:\/\/kronika-futbolu.pl\/historia\/wp-json\/wp\/v2\/posts\/8329\/revisions\/13203"}],"wp:featuredmedia":[{"embeddable":true,"href":"https:\/\/kronika-futbolu.pl\/historia\/wp-json\/wp\/v2\/media\/12991"}],"wp:attachment":[{"href":"https:\/\/kronika-futbolu.pl\/historia\/wp-json\/wp\/v2\/media?parent=8329"}],"wp:term":[{"taxonomy":"category","embeddable":true,"href":"https:\/\/kronika-futbolu.pl\/historia\/wp-json\/wp\/v2\/categories?post=8329"},{"taxonomy":"post_tag","embeddable":true,"href":"https:\/\/kronika-futbolu.pl\/historia\/wp-json\/wp\/v2\/tags?post=8329"}],"curies":[{"name":"wp","href":"https:\/\/api.w.org\/{rel}","templated":true}]}}