{"id":8355,"date":"2020-04-23T00:01:00","date_gmt":"2020-04-22T22:01:00","guid":{"rendered":"https:\/\/kronika-futbolu.pl\/historia\/?p=8355"},"modified":"2024-10-22T16:30:26","modified_gmt":"2024-10-22T14:30:26","slug":"pilkarska-kartka-z-kalendarza-23-kwietnia","status":"publish","type":"post","link":"https:\/\/kronika-futbolu.pl\/historia\/pilkarska-kartka-z-kalendarza-23-kwietnia\/","title":{"rendered":"Pi\u0142karska kartka z kalendarza 23 kwietnia"},"content":{"rendered":"<div id=\"ez-toc-container\" class=\"ez-toc-v2_0_75 counter-hierarchy ez-toc-counter ez-toc-grey ez-toc-container-direction\">\n<div class=\"ez-toc-title-container\">\n<p class=\"ez-toc-title\" style=\"cursor:inherit\">Table of Contents<\/p>\n<span class=\"ez-toc-title-toggle\"><a href=\"#\" class=\"ez-toc-pull-right ez-toc-btn ez-toc-btn-xs ez-toc-btn-default ez-toc-toggle\" aria-label=\"Toggle Table of Content\"><span class=\"ez-toc-js-icon-con\"><span class=\"\"><span class=\"eztoc-hide\" style=\"display:none;\">Toggle<\/span><span class=\"ez-toc-icon-toggle-span\"><svg style=\"fill: #999;color:#999\" xmlns=\"http:\/\/www.w3.org\/2000\/svg\" class=\"list-377408\" width=\"20px\" height=\"20px\" viewBox=\"0 0 24 24\" fill=\"none\"><path d=\"M6 6H4v2h2V6zm14 0H8v2h12V6zM4 11h2v2H4v-2zm16 0H8v2h12v-2zM4 16h2v2H4v-2zm16 0H8v2h12v-2z\" fill=\"currentColor\"><\/path><\/svg><svg style=\"fill: #999;color:#999\" class=\"arrow-unsorted-368013\" xmlns=\"http:\/\/www.w3.org\/2000\/svg\" width=\"10px\" height=\"10px\" viewBox=\"0 0 24 24\" version=\"1.2\" baseProfile=\"tiny\"><path d=\"M18.2 9.3l-6.2-6.3-6.2 6.3c-.2.2-.3.4-.3.7s.1.5.3.7c.2.2.4.3.7.3h11c.3 0 .5-.1.7-.3.2-.2.3-.5.3-.7s-.1-.5-.3-.7zM5.8 14.7l6.2 6.3 6.2-6.3c.2-.2.3-.5.3-.7s-.1-.5-.3-.7c-.2-.2-.4-.3-.7-.3h-11c-.3 0-.5.1-.7.3-.2.2-.3.5-.3.7s.1.5.3.7z\"\/><\/svg><\/span><\/span><\/span><\/a><\/span><\/div>\n<nav><ul class='ez-toc-list ez-toc-list-level-1 ' ><ul class='ez-toc-list-level-4' ><li class='ez-toc-heading-level-4'><a class=\"ez-toc-link ez-toc-heading-1\" href=\"https:\/\/kronika-futbolu.pl\/historia\/pilkarska-kartka-z-kalendarza-23-kwietnia\/#Pilkarska_kartka_z_kalendarza_23_kwietnia\" >Pi\u0142karska kartka z kalendarza 23 kwietnia<\/a><\/li><\/ul><\/li><li class='ez-toc-page-1 ez-toc-heading-level-3'><a class=\"ez-toc-link ez-toc-heading-2\" href=\"https:\/\/kronika-futbolu.pl\/historia\/pilkarska-kartka-z-kalendarza-23-kwietnia\/#23_kwietnia\" >23 kwietnia<\/a><\/li><\/ul><\/nav><\/div>\n<h4><span class=\"ez-toc-section\" id=\"Pilkarska_kartka_z_kalendarza_23_kwietnia\"><\/span>Pi\u0142karska kartka z kalendarza 23 kwietnia<span class=\"ez-toc-section-end\"><\/span><\/h4>\n<h3><span class=\"ez-toc-section\" id=\"23_kwietnia\"><\/span><strong>23 kwietnia<\/strong><span class=\"ez-toc-section-end\"><\/span><\/h3>\n<p>1899.04.23 Za\u0142o\u017cono szwedzki klub <strong>IFK Malm\u00f6<\/strong>.<\/p>\n<p>1933.04.23 urodzi\u0142 si\u0119 <strong>Walentin Bubukin<\/strong>, rosyjski napastnik, mistrz Europy 1960(zm. 2008)<\/p>\n<p>1943.04.23 Urodzi\u0142 si\u0119 <strong>Inaki S\u00e1ez<\/strong>, hiszpa\u0144ski pi\u0142karz, jako trener srebrny medalista Igrzysk Olimpijskich 2000 z Hiszpani\u0105, oraz sukcesy z reprezentacjami m\u0142odzie\u017cowymi Hiszpanii<\/p>\n<p>1946.04.23 Urodzi\u0142 si\u0119 <strong>Anatolij Byszowiec<\/strong>, rosyjski napastnik, trener pi\u0142karski pochodzenia ukrai\u0144skiego, 4 miejsce na mistrzostwach Europy 1968, jako trener z\u0142oty medalista Igrzysk Olimpijskich 1988 z ZSRR<\/p>\n<p>1973.04.23 Urodzi\u0142 si\u0119 <strong>Pablo Rotchen<\/strong>, argenty\u0144ski obro\u0144ca, zawodnik min. Independiente Buenos Aires- mistrzostwo Argentyny, Espanyol- Puchar Hiszpanii, CF Monterrey- mistrzostwo Meksyku<\/p>\n<p>1986.04.23 Urodzi\u0142 si\u0119 <strong>Piotr \u0106wielong<\/strong>, pomocnik mistrz Polski 2008, 2009 z Wis\u0142\u0105 Krak\u00f3w i 2012 ze \u015al\u0105skiem Wroc\u0142aw<\/p>\n<p><strong>Zobacz tak\u017ce:<\/strong><\/p>\n<p><a href=\"\/historia\/pilkarska-kartka-z-kalendarza-21-kwietnia\/\">Pi\u0142karska kartka z kalendarza 21 kwietnia.<\/a><\/p>\n<p><a href=\"\/historia\/12-kwietnia-1891-poczatek-ligi-argentynskiej\/\">12 kwietnia 1891 pocz\u0105tek ligi argenty\u0144skiej.<\/a><\/p>\n","protected":false},"excerpt":{"rendered":"<p>Pi\u0142karska kartka z kalendarza 23 kwietnia 23 kwietnia 1899.04.23 Za\u0142o\u017cono szwedzki klub IFK Malm\u00f6. 1933.04.23 urodzi\u0142 si\u0119 Walentin Bubukin, rosyjski napastnik, mistrz Europy 1960(zm. 2008) 1943.04.23 Urodzi\u0142 si\u0119 Inaki S\u00e1ez, hiszpa\u0144ski pi\u0142karz, jako trener srebrny medalista Igrzysk Olimpijskich 2000 z Hiszpani\u0105, oraz sukcesy z reprezentacjami m\u0142odzie\u017cowymi Hiszpanii 1946.04.23 Urodzi\u0142 si\u0119 Anatolij Byszowiec, rosyjski napastnik, trener [&hellip;]<\/p>\n","protected":false},"author":3,"featured_media":12991,"comment_status":"closed","ping_status":"open","sticky":false,"template":"","format":"standard","meta":{"_acf_changed":false,"footnotes":""},"categories":[144],"tags":[577,461,465,578,395],"class_list":["post-8355","post","type-post","status-publish","format-standard","has-post-thumbnail","hentry","category-kartka-z-kalendarza","tag-23-kwietnia","tag-futbol","tag-kwiecien","tag-malmo","tag-pilka-nozna"],"acf":[],"_links":{"self":[{"href":"https:\/\/kronika-futbolu.pl\/historia\/wp-json\/wp\/v2\/posts\/8355","targetHints":{"allow":["GET"]}}],"collection":[{"href":"https:\/\/kronika-futbolu.pl\/historia\/wp-json\/wp\/v2\/posts"}],"about":[{"href":"https:\/\/kronika-futbolu.pl\/historia\/wp-json\/wp\/v2\/types\/post"}],"author":[{"embeddable":true,"href":"https:\/\/kronika-futbolu.pl\/historia\/wp-json\/wp\/v2\/users\/3"}],"replies":[{"embeddable":true,"href":"https:\/\/kronika-futbolu.pl\/historia\/wp-json\/wp\/v2\/comments?post=8355"}],"version-history":[{"count":2,"href":"https:\/\/kronika-futbolu.pl\/historia\/wp-json\/wp\/v2\/posts\/8355\/revisions"}],"predecessor-version":[{"id":14009,"href":"https:\/\/kronika-futbolu.pl\/historia\/wp-json\/wp\/v2\/posts\/8355\/revisions\/14009"}],"wp:featuredmedia":[{"embeddable":true,"href":"https:\/\/kronika-futbolu.pl\/historia\/wp-json\/wp\/v2\/media\/12991"}],"wp:attachment":[{"href":"https:\/\/kronika-futbolu.pl\/historia\/wp-json\/wp\/v2\/media?parent=8355"}],"wp:term":[{"taxonomy":"category","embeddable":true,"href":"https:\/\/kronika-futbolu.pl\/historia\/wp-json\/wp\/v2\/categories?post=8355"},{"taxonomy":"post_tag","embeddable":true,"href":"https:\/\/kronika-futbolu.pl\/historia\/wp-json\/wp\/v2\/tags?post=8355"}],"curies":[{"name":"wp","href":"https:\/\/api.w.org\/{rel}","templated":true}]}}