{"id":8364,"date":"2020-04-29T00:01:11","date_gmt":"2020-04-28T22:01:11","guid":{"rendered":"https:\/\/kronika-futbolu.pl\/historia\/?p=8364"},"modified":"2022-10-15T12:39:35","modified_gmt":"2022-10-15T10:39:35","slug":"pilkarska-kartka-z-kalendarza-29-kwietnia","status":"publish","type":"post","link":"https:\/\/kronika-futbolu.pl\/historia\/pilkarska-kartka-z-kalendarza-29-kwietnia\/","title":{"rendered":"Pi\u0142karska kartka z kalendarza 29 kwietnia"},"content":{"rendered":"<h4>Pi\u0142karska kartka z kalendarza 29 kwietnia<\/h4>\n<p>1927.04.29 Urodzi\u0142 si\u0119 <strong>Gerard Cie\u015blik<\/strong>, napastnik, mistrz Polski 1951, 1952, 1953 z Ruchem Chorz\u00f3w, w reprezentacji Polski 45 mecz\u00f3w, 27 bramek, zmar\u0142 3.11.2013<\/p>\n<p>1954.04.29 Urodzi\u0142 si\u0119 <strong>Marek Kusto<\/strong>, napastnik, br\u0105zowy medalista Mistrzostw \u015awiata 1974 (jako rezerwowy) i 1982<\/p>\n<p>1974.04.29 Urodzi\u0142 si\u0119 <strong>Cl\u00e9ber<\/strong>, brazylijski obro\u0144ca, mistrz Polski 2008,2009,2011 z Wis\u0142\u0105 Krak\u00f3w<\/p>\n<p>1977.04.29 Urodzi\u0142 si\u0119 <strong>Andrius Skerla<\/strong>, litewski obro\u0144ca, zdobywca Pucharu i Superpucharu Polski 2010 z Jagielloni\u0105.<\/p>\n<p>1992.04.29 <strong>Ukraina<\/strong> rozegra\u0142a sw\u00f3j pierwszy oficjalny mecz, w U\u017chorodzie przegra\u0142a z W\u0119grami 1:3<\/p>\n<p>1987-04-29 <strong>Grecja &#8211; Polska<\/strong> 1-0 EME 1988 Ateny gol: Dimitris Saravakos 56&#8242;<\/p>\n<p><strong>Zobacz tak\u017ce:<\/strong><\/p>\n<p><a href=\"\/historia\/pilkarska-kartka-z-kalendarza-28-kwietnia\/\">Pi\u0142karska kartka z kalendarza 28 kwietnia.<\/a><\/p>\n<p><a href=\"\/historia\/22-lata-od-tragedii-w-gabonie\/\">Rocznica tragedii w Gabonie<\/a><\/p>\n<p><a href=\"\/historia\/12-kwietnia-1891-poczatek-ligi-argentynskiej\/\">12 kwietnia 1891 pocz\u0105tek ligi argenty\u0144skiej.<\/a><\/p>\n<p>&nbsp;<\/p>\n","protected":false},"excerpt":{"rendered":"<p>Pi\u0142karska kartka z kalendarza 29 kwietnia 1927.04.29 Urodzi\u0142 si\u0119 Gerard Cie\u015blik, napastnik, mistrz Polski 1951, 1952, 1953 z Ruchem Chorz\u00f3w, w reprezentacji Polski 45 mecz\u00f3w, 27 bramek, zmar\u0142 3.11.2013 1954.04.29 Urodzi\u0142 si\u0119 Marek Kusto, napastnik, br\u0105zowy medalista Mistrzostw \u015awiata 1974 (jako rezerwowy) i 1982 1974.04.29 Urodzi\u0142 si\u0119 Cl\u00e9ber, brazylijski obro\u0144ca, mistrz Polski 2008,2009,2011 z Wis\u0142\u0105 [&hellip;]<\/p>\n","protected":false},"author":3,"featured_media":8917,"comment_status":"closed","ping_status":"open","sticky":false,"template":"","format":"standard","meta":{"_acf_changed":false,"footnotes":""},"categories":[144],"tags":[143],"class_list":["post-8364","post","type-post","status-publish","format-standard","has-post-thumbnail","hentry","category-kartka-z-kalendarza","tag-kalendarium"],"acf":[],"_links":{"self":[{"href":"https:\/\/kronika-futbolu.pl\/historia\/wp-json\/wp\/v2\/posts\/8364","targetHints":{"allow":["GET"]}}],"collection":[{"href":"https:\/\/kronika-futbolu.pl\/historia\/wp-json\/wp\/v2\/posts"}],"about":[{"href":"https:\/\/kronika-futbolu.pl\/historia\/wp-json\/wp\/v2\/types\/post"}],"author":[{"embeddable":true,"href":"https:\/\/kronika-futbolu.pl\/historia\/wp-json\/wp\/v2\/users\/3"}],"replies":[{"embeddable":true,"href":"https:\/\/kronika-futbolu.pl\/historia\/wp-json\/wp\/v2\/comments?post=8364"}],"version-history":[{"count":1,"href":"https:\/\/kronika-futbolu.pl\/historia\/wp-json\/wp\/v2\/posts\/8364\/revisions"}],"predecessor-version":[{"id":13178,"href":"https:\/\/kronika-futbolu.pl\/historia\/wp-json\/wp\/v2\/posts\/8364\/revisions\/13178"}],"wp:featuredmedia":[{"embeddable":true,"href":"https:\/\/kronika-futbolu.pl\/historia\/wp-json\/wp\/v2\/media\/8917"}],"wp:attachment":[{"href":"https:\/\/kronika-futbolu.pl\/historia\/wp-json\/wp\/v2\/media?parent=8364"}],"wp:term":[{"taxonomy":"category","embeddable":true,"href":"https:\/\/kronika-futbolu.pl\/historia\/wp-json\/wp\/v2\/categories?post=8364"},{"taxonomy":"post_tag","embeddable":true,"href":"https:\/\/kronika-futbolu.pl\/historia\/wp-json\/wp\/v2\/tags?post=8364"}],"curies":[{"name":"wp","href":"https:\/\/api.w.org\/{rel}","templated":true}]}}