{"id":8370,"date":"2020-04-03T00:01:27","date_gmt":"2020-04-02T22:01:27","guid":{"rendered":"https:\/\/kronika-futbolu.pl\/historia\/?p=8370"},"modified":"2020-04-03T00:01:27","modified_gmt":"2020-04-02T22:01:27","slug":"pilkarska-kartka-z-kalendarza-3-kwietnia","status":"publish","type":"post","link":"https:\/\/kronika-futbolu.pl\/historia\/pilkarska-kartka-z-kalendarza-3-kwietnia\/","title":{"rendered":"Pi\u0142karska kartka z kalendarza 3 kwietnia"},"content":{"rendered":"<h4>Pi\u0142karska kartka z kalendarza 3 kwietnia<\/h4>\n<p>1905.04.03 W <strong>Buenos Aires <\/strong>w dzielnicy La Boca zosta\u0142 za\u0142o\u017cony klub Boca Juniors. Za\u0142o\u017cycielami byli w\u0142oscy imigranci :Esteban Baglietto, Alfredo Scarpatti, Santiago Sana, oraz bracia Juan i Teodoro Farenga.<\/p>\n<p>1927.04.03 Rozpocz\u0105\u0142 si\u0119 <strong>1 sezon<\/strong> najwy\u017cszej ligi pi\u0142karskiej w Polsce. Wcze\u015bniej rozgrywki o mistrza kraju rozgrywano nieligowo..<\/p>\n<p>1938-04-03 <strong>Jugos\u0142awia &#8211; Polska<\/strong> 1-0 EM\u015a 1938 Belgrad gol: Blagoje Marjanovi\u0107 65&#8242;<\/p>\n<p>Zobacz r\u00f3wnie\u017c:<\/p>\n<p><a href=\"\/historia\/pilkarska-kartka-kalendarza-2-kwietnia\/\">Pi\u0142karska kartka z kalendarza 2 kwietnia<\/a><\/p>\n","protected":false},"excerpt":{"rendered":"<p>Pi\u0142karska kartka z kalendarza 3 kwietnia 1905.04.03 W Buenos Aires w dzielnicy La Boca zosta\u0142 za\u0142o\u017cony klub Boca Juniors. Za\u0142o\u017cycielami byli w\u0142oscy imigranci :Esteban Baglietto, Alfredo Scarpatti, Santiago Sana, oraz bracia Juan i Teodoro Farenga. 1927.04.03 Rozpocz\u0105\u0142 si\u0119 1 sezon najwy\u017cszej ligi pi\u0142karskiej w Polsce. Wcze\u015bniej rozgrywki o mistrza kraju rozgrywano nieligowo.. 1938-04-03 Jugos\u0142awia &#8211; [&hellip;]<\/p>\n","protected":false},"author":3,"featured_media":1139,"comment_status":"closed","ping_status":"open","sticky":false,"template":"","format":"standard","meta":{"_acf_changed":false,"footnotes":""},"categories":[144],"tags":[143],"class_list":["post-8370","post","type-post","status-publish","format-standard","has-post-thumbnail","hentry","category-kartka-z-kalendarza","tag-kalendarium"],"acf":[],"_links":{"self":[{"href":"https:\/\/kronika-futbolu.pl\/historia\/wp-json\/wp\/v2\/posts\/8370","targetHints":{"allow":["GET"]}}],"collection":[{"href":"https:\/\/kronika-futbolu.pl\/historia\/wp-json\/wp\/v2\/posts"}],"about":[{"href":"https:\/\/kronika-futbolu.pl\/historia\/wp-json\/wp\/v2\/types\/post"}],"author":[{"embeddable":true,"href":"https:\/\/kronika-futbolu.pl\/historia\/wp-json\/wp\/v2\/users\/3"}],"replies":[{"embeddable":true,"href":"https:\/\/kronika-futbolu.pl\/historia\/wp-json\/wp\/v2\/comments?post=8370"}],"version-history":[{"count":0,"href":"https:\/\/kronika-futbolu.pl\/historia\/wp-json\/wp\/v2\/posts\/8370\/revisions"}],"wp:featuredmedia":[{"embeddable":true,"href":"https:\/\/kronika-futbolu.pl\/historia\/wp-json\/wp\/v2\/media\/1139"}],"wp:attachment":[{"href":"https:\/\/kronika-futbolu.pl\/historia\/wp-json\/wp\/v2\/media?parent=8370"}],"wp:term":[{"taxonomy":"category","embeddable":true,"href":"https:\/\/kronika-futbolu.pl\/historia\/wp-json\/wp\/v2\/categories?post=8370"},{"taxonomy":"post_tag","embeddable":true,"href":"https:\/\/kronika-futbolu.pl\/historia\/wp-json\/wp\/v2\/tags?post=8370"}],"curies":[{"name":"wp","href":"https:\/\/api.w.org\/{rel}","templated":true}]}}