{"id":8378,"date":"2020-05-02T00:01:09","date_gmt":"2020-05-01T22:01:09","guid":{"rendered":"https:\/\/kronika-futbolu.pl\/historia\/?p=8378"},"modified":"2022-10-15T12:37:44","modified_gmt":"2022-10-15T10:37:44","slug":"pilkarska-kartka-z-kalendarza-2-maja","status":"publish","type":"post","link":"https:\/\/kronika-futbolu.pl\/historia\/pilkarska-kartka-z-kalendarza-2-maja\/","title":{"rendered":"Pi\u0142karska kartka z kalendarza 2 maja"},"content":{"rendered":"<h4>Pi\u0142karska kartka z kalendarza 2 maja<\/h4>\n<p>1920.05.02 We w\u0142oskim <strong>Viareggio <\/strong>karabinier zastrzeli\u0142 w trakcie meczu kibica miejscowej dru\u017cyny pi\u0142karskiej, co doprowadzi\u0142o do wybuchu rewolty i og\u0142oszenia \u201eRepubliki Viareggio\u201d. Po wp\u0142yni\u0119ciu do miejscowego portu okr\u0119tu wojennego rebelianci skapitulowali.<\/p>\n<p>1935.05.02 Urodzi\u0142 si\u0119 <strong>Luis Su\u00e1rez Miramontes<\/strong>, hiszpa\u0144ski pomocnik\/napastnik, mistrz Europy 1964, zdobywca Pucharu Europy 1964,1965 z Interem<\/p>\n<p>1948.05.02 Urodzi\u0142 si\u0119 <strong>Josip Katalinski<\/strong>, bo\u015bniacki obro\u0144ca, jeden z najlepszych pi\u0142karzy by\u0142ej Jugos\u0142awii(zm. 2011)<\/p>\n<p>1949.05.02 Urodzi\u0142 si\u0119 <strong>Zygmunt Kalinowski<\/strong>, bramkarz, uczestnik mistrzostw \u015bwiata 1974 (jako rezerwowy), mistrz Polski 1977 ze \u015al\u0105skiem<\/p>\n<p>1958.05.02 Urodzi\u0142 si\u0119 <strong>Giuseppe Dossena<\/strong>, w\u0142oski pomocnik,jako rezerwowy mistrz \u015bwiata 1982<\/p>\n<p>1967.05.02 Urodzi\u0142 si\u0119 <strong>Luigi Apolloni<\/strong>, w\u0142oski obro\u0144ca, wicemistrz \u015bwiata 1994, zdobywca Pucharu UEFA 1995,1999 z Parm\u0105<\/p>\n<p>1968.05.02 Urodzi\u0142 si\u0119 <strong>Jeff Agoos<\/strong>, ameryka\u0144ski obro\u0144ca, zdobywca Z\u0142otego Pucharu CONCACAF 2002<\/p>\n<p>1975.05.02 Urodzi\u0142 si\u0119 <strong>David Beckham<\/strong>, angielski pomocnik, zdobywca Ligi Mistrz\u00f3w i Pucharu Interkontynentalnego 1999 z Manchesterem United<\/p>\n<p>1979.05.02 Urodzi\u0142 si\u0119 <strong>Tomasz Ciesielski<\/strong>, obro\u0144ca, mistrz Polski 2000 z Poloni\u0105 Warszawa<\/p>\n<p>1980.05.02 Urodzi\u0142 si\u0119 <strong>Tim Borowski<\/strong>, niemiecki pomocnik, wicemistrz Europy 2008, 3 miejsce Mistrzostw \u015awiata 2006<\/p>\n<p>2006-05-02 <strong>Polska &#8211; Litwa <\/strong> 0-1 MT Be\u0142chat\u00f3w gol: Andrius Gedgaudas 14&#8242;<\/p>\n<p>1989-05-02 <strong>Norwegia &#8211; Polska<\/strong> 0-3 MT Oslo bramki: Jan Furtok 22&#8242;, 50&#8242;, Dariusz Wdowczyk 80&#8242;<\/p>\n<p>1981-05-02 <strong>Polska &#8211; NRD<\/strong> 1-0 EM\u015a 1982 Chorz\u00f3w gol: Andrzej Buncol 56&#8242;<\/p>\n<p>1979-05-02 <strong>Polska &#8211; Holandia<\/strong> 2-0 EME 1980 Chorz\u00f3w bramki: Zbigniew Boniek 20&#8242;, W\u0142odzimierz Mazur 65&#8242;-k<\/p>\n<p>1970-05-02 <strong> W\u0119gry &#8211; Polska<\/strong> 2-0 MT Budapeszt bramki: Fazekas L\u00e1szl\u00f3 57&#8242;, Karsai L\u00e1szl\u00f3 80&#8242;<\/p>\n","protected":false},"excerpt":{"rendered":"<p>Pi\u0142karska kartka z kalendarza 2 maja 1920.05.02 We w\u0142oskim Viareggio karabinier zastrzeli\u0142 w trakcie meczu kibica miejscowej dru\u017cyny pi\u0142karskiej, co doprowadzi\u0142o do wybuchu rewolty i og\u0142oszenia \u201eRepubliki Viareggio\u201d. Po wp\u0142yni\u0119ciu do miejscowego portu okr\u0119tu wojennego rebelianci skapitulowali. 1935.05.02 Urodzi\u0142 si\u0119 Luis Su\u00e1rez Miramontes, hiszpa\u0144ski pomocnik\/napastnik, mistrz Europy 1964, zdobywca Pucharu Europy 1964,1965 z Interem 1948.05.02 [&hellip;]<\/p>\n","protected":false},"author":3,"featured_media":12991,"comment_status":"closed","ping_status":"open","sticky":false,"template":"","format":"standard","meta":{"_acf_changed":false,"footnotes":""},"categories":[144],"tags":[143],"class_list":["post-8378","post","type-post","status-publish","format-standard","has-post-thumbnail","hentry","category-kartka-z-kalendarza","tag-kalendarium"],"acf":[],"_links":{"self":[{"href":"https:\/\/kronika-futbolu.pl\/historia\/wp-json\/wp\/v2\/posts\/8378","targetHints":{"allow":["GET"]}}],"collection":[{"href":"https:\/\/kronika-futbolu.pl\/historia\/wp-json\/wp\/v2\/posts"}],"about":[{"href":"https:\/\/kronika-futbolu.pl\/historia\/wp-json\/wp\/v2\/types\/post"}],"author":[{"embeddable":true,"href":"https:\/\/kronika-futbolu.pl\/historia\/wp-json\/wp\/v2\/users\/3"}],"replies":[{"embeddable":true,"href":"https:\/\/kronika-futbolu.pl\/historia\/wp-json\/wp\/v2\/comments?post=8378"}],"version-history":[{"count":1,"href":"https:\/\/kronika-futbolu.pl\/historia\/wp-json\/wp\/v2\/posts\/8378\/revisions"}],"predecessor-version":[{"id":13175,"href":"https:\/\/kronika-futbolu.pl\/historia\/wp-json\/wp\/v2\/posts\/8378\/revisions\/13175"}],"wp:featuredmedia":[{"embeddable":true,"href":"https:\/\/kronika-futbolu.pl\/historia\/wp-json\/wp\/v2\/media\/12991"}],"wp:attachment":[{"href":"https:\/\/kronika-futbolu.pl\/historia\/wp-json\/wp\/v2\/media?parent=8378"}],"wp:term":[{"taxonomy":"category","embeddable":true,"href":"https:\/\/kronika-futbolu.pl\/historia\/wp-json\/wp\/v2\/categories?post=8378"},{"taxonomy":"post_tag","embeddable":true,"href":"https:\/\/kronika-futbolu.pl\/historia\/wp-json\/wp\/v2\/tags?post=8378"}],"curies":[{"name":"wp","href":"https:\/\/api.w.org\/{rel}","templated":true}]}}