{"id":8386,"date":"2020-05-08T00:01:36","date_gmt":"2020-05-07T22:01:36","guid":{"rendered":"https:\/\/kronika-futbolu.pl\/historia\/?p=8386"},"modified":"2022-10-15T12:34:07","modified_gmt":"2022-10-15T10:34:07","slug":"pilkarska-kartka-z-kalendarza-8-maja","status":"publish","type":"post","link":"https:\/\/kronika-futbolu.pl\/historia\/pilkarska-kartka-z-kalendarza-8-maja\/","title":{"rendered":"Pi\u0142karska kartka z kalendarza 8 maja"},"content":{"rendered":"<div id=\"ez-toc-container\" class=\"ez-toc-v2_0_75 counter-hierarchy ez-toc-counter ez-toc-grey ez-toc-container-direction\">\n<div class=\"ez-toc-title-container\">\n<p class=\"ez-toc-title\" style=\"cursor:inherit\">Table of Contents<\/p>\n<span class=\"ez-toc-title-toggle\"><a href=\"#\" class=\"ez-toc-pull-right ez-toc-btn ez-toc-btn-xs ez-toc-btn-default ez-toc-toggle\" aria-label=\"Toggle Table of Content\"><span class=\"ez-toc-js-icon-con\"><span class=\"\"><span class=\"eztoc-hide\" style=\"display:none;\">Toggle<\/span><span class=\"ez-toc-icon-toggle-span\"><svg style=\"fill: #999;color:#999\" xmlns=\"http:\/\/www.w3.org\/2000\/svg\" class=\"list-377408\" width=\"20px\" height=\"20px\" viewBox=\"0 0 24 24\" fill=\"none\"><path d=\"M6 6H4v2h2V6zm14 0H8v2h12V6zM4 11h2v2H4v-2zm16 0H8v2h12v-2zM4 16h2v2H4v-2zm16 0H8v2h12v-2z\" fill=\"currentColor\"><\/path><\/svg><svg style=\"fill: #999;color:#999\" class=\"arrow-unsorted-368013\" xmlns=\"http:\/\/www.w3.org\/2000\/svg\" width=\"10px\" height=\"10px\" viewBox=\"0 0 24 24\" version=\"1.2\" baseProfile=\"tiny\"><path d=\"M18.2 9.3l-6.2-6.3-6.2 6.3c-.2.2-.3.4-.3.7s.1.5.3.7c.2.2.4.3.7.3h11c.3 0 .5-.1.7-.3.2-.2.3-.5.3-.7s-.1-.5-.3-.7zM5.8 14.7l6.2 6.3 6.2-6.3c.2-.2.3-.5.3-.7s-.1-.5-.3-.7c-.2-.2-.4-.3-.7-.3h-11c-.3 0-.5.1-.7.3-.2.2-.3.5-.3.7s.1.5.3.7z\"\/><\/svg><\/span><\/span><\/span><\/a><\/span><\/div>\n<nav><ul class='ez-toc-list ez-toc-list-level-1 ' ><li class='ez-toc-page-1 ez-toc-heading-level-4'><a class=\"ez-toc-link ez-toc-heading-1\" href=\"https:\/\/kronika-futbolu.pl\/historia\/pilkarska-kartka-z-kalendarza-8-maja\/#Pilkarska_kartka_z_kalendarza_8_maja\" >Pi\u0142karska kartka z kalendarza 8 maja<\/a><ul class='ez-toc-list-level-5' ><li class='ez-toc-heading-level-5'><a class=\"ez-toc-link ez-toc-heading-2\" href=\"https:\/\/kronika-futbolu.pl\/historia\/pilkarska-kartka-z-kalendarza-8-maja\/#Godnymi_uwagi_sa_rowniez_pozostale_wydarzenia_z_8_maja\" >Godnymi uwagi s\u0105 r\u00f3wnie\u017c pozosta\u0142e wydarzenia z 8 maja;<\/a><\/li><\/ul><\/li><li class='ez-toc-page-1 ez-toc-heading-level-4'><a class=\"ez-toc-link ez-toc-heading-3\" href=\"https:\/\/kronika-futbolu.pl\/historia\/pilkarska-kartka-z-kalendarza-8-maja\/#Zobacz_takze\" >Zobacz tak\u017ce:<\/a><ul class='ez-toc-list-level-5' ><li class='ez-toc-heading-level-5'><a class=\"ez-toc-link ez-toc-heading-4\" href=\"https:\/\/kronika-futbolu.pl\/historia\/pilkarska-kartka-z-kalendarza-8-maja\/#Lista_meczow_reprezentacji_Polski\" >Lista mecz\u00f3w reprezentacji Polski.<\/a><\/li><li class='ez-toc-page-1 ez-toc-heading-level-5'><a class=\"ez-toc-link ez-toc-heading-5\" href=\"https:\/\/kronika-futbolu.pl\/historia\/pilkarska-kartka-z-kalendarza-8-maja\/#Pilkarska_kartka_z_kalendarza_7_maja\" >Pi\u0142karska kartka z kalendarza 7 maja.<\/a><\/li><li class='ez-toc-page-1 ez-toc-heading-level-5'><a class=\"ez-toc-link ez-toc-heading-6\" href=\"https:\/\/kronika-futbolu.pl\/historia\/pilkarska-kartka-z-kalendarza-8-maja\/#Rocznica_tragedii_w_Gabonie\" >Rocznica tragedii w Gabonie.<\/a><\/li><li class='ez-toc-page-1 ez-toc-heading-level-5'><a class=\"ez-toc-link ez-toc-heading-7\" href=\"https:\/\/kronika-futbolu.pl\/historia\/pilkarska-kartka-z-kalendarza-8-maja\/#12_kwietnia_1891_poczatek_ligi_argentynskiej\" >12 kwietnia 1891 pocz\u0105tek ligi argenty\u0144skiej.<\/a><\/li><\/ul><\/li><\/ul><\/nav><\/div>\n<h4><span class=\"ez-toc-section\" id=\"Pilkarska_kartka_z_kalendarza_8_maja\"><\/span>Pi\u0142karska kartka z kalendarza 8 maja<span class=\"ez-toc-section-end\"><\/span><\/h4>\n<p>1898.05.08 Powsta\u0142a <strong>W\u0142oska Liga Pi\u0142ki No\u017cnej<\/strong>. W zwi\u0105zku z tym od tego dnia rozpocz\u0119\u0142y si\u0119 zmagania o mistrzostwo W\u0142och w pi\u0142ce no\u017cnej.Przez nieco ponad 30 lat rywalizowano w r\u00f3\u017cnych systemach.<\/p>\n<p>Drug\u0105 wa\u017cn\u0105 dat\u0105 w historii w\u0142oskiej pi\u0142ki jest rok 1929, poniewa\u017c wtedy powsta\u0142a graj\u0105ca do dzisiaj Serie A.<\/p>\n<p>8 maja tamtego roku na stadionie Stadio Motovelodromo Umberto w Turynie odby\u0142y si\u0119 3 mecze &#8211; p\u00f3\u0142fina\u0142y i fina\u0142 kt\u00f3ry wygra\u0142a dru\u017cyna Genoi CFC zostaj\u0105c pierwszym Mistrzem W\u0142och.<\/p>\n<h5><span class=\"ez-toc-section\" id=\"Godnymi_uwagi_sa_rowniez_pozostale_wydarzenia_z_8_maja\"><\/span>Godnymi uwagi s\u0105 r\u00f3wnie\u017c pozosta\u0142e wydarzenia z 8 maja;<span class=\"ez-toc-section-end\"><\/span><\/h5>\n<p>1906.05.08 Za\u0142o\u017cono meksyka\u0144ski klub <strong>Chivas de Guadalajara<\/strong>, 12-krotny mistrz Meksyku, zdobywca Pucharu Mistrz\u00f3w CONCACAF 1962 oraz 2018.<\/p>\n<p>1936.05.08 Urodzi\u0142 si\u0119 <strong>H\u00e9ctor N\u00fanez<\/strong>, urugwajski napastnik, jako trener zdoby\u0142 z Urugwajem Copa America 1995 (zm. 2011)<\/p>\n<p>1954.05.08 W Manili na Filipinach zosta\u0142a za\u0142o\u017cona <strong>Azjatycka Konfederacja Pi\u0142karska (AFC)<\/strong>.<\/p>\n<p>1960.05.08 Urodzi\u0142 si\u0119 <strong>Franco Baresi<\/strong>, w\u0142oski obro\u0144ca, mistrz \u015bwiata 1982, br\u0105zowy medalista mistrzostw \u015bwiata 1990 i wicemistrz \u015bwiata 1994, zdobywca Pucharu Europy\/Ligi Mistrz\u00f3w 1989,1990,1994, Superpucharu Europy 1989,1990,1994 z Milanem, wybrany przez FIFA do 100 najlepszych pi\u0142karzy XX wieku<\/p>\n<p>1966.05.08 Urodzi\u0142 si\u0119 <strong>Cl\u00e1udio Taffarel,<\/strong> brazylijski bramkarz. Mistrz \u015bwiata 1994 i wicemistrz \u015bwiata 1998, oraz zdobywca Copa America 1989,1997<\/p>\n<p>1970.05.08 Urodzi\u0142 si\u0119<strong> Luis Enrique<\/strong>, hiszpa\u0144ski pomocnik,napastnik, trener. Przede wszystkim mistrz olimpijski 1992<\/p>\n<p>1971.05.08 Urodzi\u0142 si\u0119 <strong>Rados\u0142aw Gilewicz.<\/strong> <span style=\"font-size: 0.95em;\">Mistrz Austrii 2000,2001( kr\u00f3l strzelc\u00f3w) ,2002 z FC Tirol Innsbruck i 2003 z Austri\u0105 Wiede\u0144.<br \/>\n<\/span><span style=\"font-size: 0.95em;\">W 1997 z VfB Stuttgart zdoby\u0142 Puchar Niemiec.<br \/>\n<\/span><span style=\"font-size: 0.95em;\">W swojej kareirze gra\u0142 r\u00f3wnie\u017c w min. GKS Tychy, Ruchu Chorz\u00f3w, Sankt Gallen, VfB Stuttgart, Karlsruher, Polonii Warszawa.<\/span><\/p>\n<div class=\"o9v6fnle cxmmr5t8 oygrvhab hcukyx3x c1et5uql ii04i59q\">\n<div dir=\"auto\">Rozegra\u0142 10 mecz\u00f3w w Reprezentacji Polski.<\/div>\n<\/div>\n<div dir=\"auto\">\u00a0<\/div>\n<p>1981.05.28 Urodzi\u0142 si\u0119<strong> Andrea Barzagli<\/strong>, w\u0142oski obro\u0144ca, mistrz \u015bwiata 2006, wicemistrz Europy 2012<\/p>\n<p>1984.05.08 Urodzi\u0142 si\u0119 <strong>Maximiliano Pereira<\/strong>, urugwajski obro\u0144ca,pomocnik. Gra\u0142 w Defensorze Sporting, Benfice oraz w FC Porto. Z pewno\u015bci\u0105 jest pami\u0119tany z gry w Reprezentacji Urugwaju gdzie zagra\u0142 124 mecze i strzeli\u0142 3 bramki.<\/p>\n<p>1949-05-08 <strong>Rumunia &#8211; Polska<\/strong> 2-1 MT Bukareszt<\/p>\n<p>bramki: J\u00f3zsef Per\u00e9nyi 5&#8242;, 31&#8242;- J\u00f3zef Mamo\u0144 66&#8242;<\/p>\n<p>Sk\u0142ad Polak\u00f3w: Jerzy Jurowicz, W\u0142adys\u0142aw G\u0119d\u0142ek, Henryk Janduda, Czes\u0142aw Suszczyk, Mieczys\u0142aw Tarka, Edward Brzozowski, Zdzis\u0142aw Mordarski, Gerard Cie\u015blik (14&#8242; Jerzy Kras\u00f3wka),Marian \u0141\u0105cz, Mieczys\u0142aw Gracz, J\u00f3zef Mamo\u0144<\/p>\n<h4><span class=\"ez-toc-section\" id=\"Zobacz_takze\"><\/span><strong>Zobacz tak\u017ce:<\/strong><span class=\"ez-toc-section-end\"><\/span><\/h4>\n<h5><span class=\"ez-toc-section\" id=\"Lista_meczow_reprezentacji_Polski\"><\/span><a href=\"\/historia\/reprezentacja-polski-mecze\/\">Lista mecz\u00f3w reprezentacji Polski.<\/a><span class=\"ez-toc-section-end\"><\/span><\/h5>\n<h5><span class=\"ez-toc-section\" id=\"Pilkarska_kartka_z_kalendarza_7_maja\"><\/span><a href=\"\/historia\/pilkarska-kartka-z-kalendarza-7-maja\/\">Pi\u0142karska kartka z kalendarza 7 maja.<\/a><span class=\"ez-toc-section-end\"><\/span><\/h5>\n<h5><span class=\"ez-toc-section\" id=\"Rocznica_tragedii_w_Gabonie\"><\/span><a href=\"\/historia\/22-lata-od-tragedii-w-gabonie\/\">Rocznica tragedii w Gabonie.<\/a><span class=\"ez-toc-section-end\"><\/span><\/h5>\n<h5><span class=\"ez-toc-section\" id=\"12_kwietnia_1891_poczatek_ligi_argentynskiej\"><\/span><a href=\"\/historia\/12-kwietnia-1891-poczatek-ligi-argentynskiej\/\">12 kwietnia 1891 pocz\u0105tek ligi argenty\u0144skiej.<\/a><span class=\"ez-toc-section-end\"><\/span><\/h5>\n","protected":false},"excerpt":{"rendered":"<p>Pi\u0142karska kartka z kalendarza 8 maja 1898.05.08 Powsta\u0142a W\u0142oska Liga Pi\u0142ki No\u017cnej. W zwi\u0105zku z tym od tego dnia rozpocz\u0119\u0142y si\u0119 zmagania o mistrzostwo W\u0142och w pi\u0142ce no\u017cnej.Przez nieco ponad 30 lat rywalizowano w r\u00f3\u017cnych systemach. Drug\u0105 wa\u017cn\u0105 dat\u0105 w historii w\u0142oskiej pi\u0142ki jest rok 1929, poniewa\u017c wtedy powsta\u0142a graj\u0105ca do dzisiaj Serie A. 8 [&hellip;]<\/p>\n","protected":false},"author":3,"featured_media":12991,"comment_status":"closed","ping_status":"open","sticky":false,"template":"","format":"standard","meta":{"_acf_changed":false,"footnotes":""},"categories":[144],"tags":[143],"class_list":["post-8386","post","type-post","status-publish","format-standard","has-post-thumbnail","hentry","category-kartka-z-kalendarza","tag-kalendarium"],"acf":[],"_links":{"self":[{"href":"https:\/\/kronika-futbolu.pl\/historia\/wp-json\/wp\/v2\/posts\/8386","targetHints":{"allow":["GET"]}}],"collection":[{"href":"https:\/\/kronika-futbolu.pl\/historia\/wp-json\/wp\/v2\/posts"}],"about":[{"href":"https:\/\/kronika-futbolu.pl\/historia\/wp-json\/wp\/v2\/types\/post"}],"author":[{"embeddable":true,"href":"https:\/\/kronika-futbolu.pl\/historia\/wp-json\/wp\/v2\/users\/3"}],"replies":[{"embeddable":true,"href":"https:\/\/kronika-futbolu.pl\/historia\/wp-json\/wp\/v2\/comments?post=8386"}],"version-history":[{"count":1,"href":"https:\/\/kronika-futbolu.pl\/historia\/wp-json\/wp\/v2\/posts\/8386\/revisions"}],"predecessor-version":[{"id":13168,"href":"https:\/\/kronika-futbolu.pl\/historia\/wp-json\/wp\/v2\/posts\/8386\/revisions\/13168"}],"wp:featuredmedia":[{"embeddable":true,"href":"https:\/\/kronika-futbolu.pl\/historia\/wp-json\/wp\/v2\/media\/12991"}],"wp:attachment":[{"href":"https:\/\/kronika-futbolu.pl\/historia\/wp-json\/wp\/v2\/media?parent=8386"}],"wp:term":[{"taxonomy":"category","embeddable":true,"href":"https:\/\/kronika-futbolu.pl\/historia\/wp-json\/wp\/v2\/categories?post=8386"},{"taxonomy":"post_tag","embeddable":true,"href":"https:\/\/kronika-futbolu.pl\/historia\/wp-json\/wp\/v2\/tags?post=8386"}],"curies":[{"name":"wp","href":"https:\/\/api.w.org\/{rel}","templated":true}]}}