{"id":8400,"date":"2020-05-18T00:02:18","date_gmt":"2020-05-17T22:02:18","guid":{"rendered":"https:\/\/kronika-futbolu.pl\/historia\/?p=8400"},"modified":"2022-10-15T12:30:40","modified_gmt":"2022-10-15T10:30:40","slug":"pilkarska-kartka-z-kalendarza-18-maja","status":"publish","type":"post","link":"https:\/\/kronika-futbolu.pl\/historia\/pilkarska-kartka-z-kalendarza-18-maja\/","title":{"rendered":"Pi\u0142karska kartka z kalendarza 18 maja"},"content":{"rendered":"<div id=\"ez-toc-container\" class=\"ez-toc-v2_0_75 counter-hierarchy ez-toc-counter ez-toc-grey ez-toc-container-direction\">\n<div class=\"ez-toc-title-container\">\n<p class=\"ez-toc-title\" style=\"cursor:inherit\">Table of Contents<\/p>\n<span class=\"ez-toc-title-toggle\"><a href=\"#\" class=\"ez-toc-pull-right ez-toc-btn ez-toc-btn-xs ez-toc-btn-default ez-toc-toggle\" aria-label=\"Toggle Table of Content\"><span class=\"ez-toc-js-icon-con\"><span class=\"\"><span class=\"eztoc-hide\" style=\"display:none;\">Toggle<\/span><span class=\"ez-toc-icon-toggle-span\"><svg style=\"fill: #999;color:#999\" xmlns=\"http:\/\/www.w3.org\/2000\/svg\" class=\"list-377408\" width=\"20px\" height=\"20px\" viewBox=\"0 0 24 24\" fill=\"none\"><path d=\"M6 6H4v2h2V6zm14 0H8v2h12V6zM4 11h2v2H4v-2zm16 0H8v2h12v-2zM4 16h2v2H4v-2zm16 0H8v2h12v-2z\" fill=\"currentColor\"><\/path><\/svg><svg style=\"fill: #999;color:#999\" class=\"arrow-unsorted-368013\" xmlns=\"http:\/\/www.w3.org\/2000\/svg\" width=\"10px\" height=\"10px\" viewBox=\"0 0 24 24\" version=\"1.2\" baseProfile=\"tiny\"><path d=\"M18.2 9.3l-6.2-6.3-6.2 6.3c-.2.2-.3.4-.3.7s.1.5.3.7c.2.2.4.3.7.3h11c.3 0 .5-.1.7-.3.2-.2.3-.5.3-.7s-.1-.5-.3-.7zM5.8 14.7l6.2 6.3 6.2-6.3c.2-.2.3-.5.3-.7s-.1-.5-.3-.7c-.2-.2-.4-.3-.7-.3h-11c-.3 0-.5.1-.7.3-.2.2-.3.5-.3.7s.1.5.3.7z\"\/><\/svg><\/span><\/span><\/span><\/a><\/span><\/div>\n<nav><ul class='ez-toc-list ez-toc-list-level-1 ' ><li class='ez-toc-page-1 ez-toc-heading-level-4'><a class=\"ez-toc-link ez-toc-heading-1\" href=\"https:\/\/kronika-futbolu.pl\/historia\/pilkarska-kartka-z-kalendarza-18-maja\/#Pilkarska_kartka_z_kalendarza_18_maja\" >Pi\u0142karska kartka z kalendarza 18 maja<\/a><\/li><li class='ez-toc-page-1 ez-toc-heading-level-4'><a class=\"ez-toc-link ez-toc-heading-2\" href=\"https:\/\/kronika-futbolu.pl\/historia\/pilkarska-kartka-z-kalendarza-18-maja\/#Zobacz_takze\" >Zobacz tak\u017ce:<\/a><ul class='ez-toc-list-level-5' ><li class='ez-toc-heading-level-5'><a class=\"ez-toc-link ez-toc-heading-3\" href=\"https:\/\/kronika-futbolu.pl\/historia\/pilkarska-kartka-z-kalendarza-18-maja\/#Lista_meczow_reprezentacji_Polski\" >Lista mecz\u00f3w reprezentacji Polski.<\/a><\/li><li class='ez-toc-page-1 ez-toc-heading-level-5'><a class=\"ez-toc-link ez-toc-heading-4\" href=\"https:\/\/kronika-futbolu.pl\/historia\/pilkarska-kartka-z-kalendarza-18-maja\/#Pilkarska_kartka_z_kalendarza_17_maja\" >Pi\u0142karska kartka z kalendarza 17 maja.<\/a><\/li><li class='ez-toc-page-1 ez-toc-heading-level-5'><a class=\"ez-toc-link ez-toc-heading-5\" href=\"https:\/\/kronika-futbolu.pl\/historia\/pilkarska-kartka-z-kalendarza-18-maja\/#Rocznica_tragedii_w_Gabonie\" >Rocznica tragedii w Gabonie.<\/a><\/li><li class='ez-toc-page-1 ez-toc-heading-level-5'><a class=\"ez-toc-link ez-toc-heading-6\" href=\"https:\/\/kronika-futbolu.pl\/historia\/pilkarska-kartka-z-kalendarza-18-maja\/#12_kwietnia_1891_poczatek_ligi_argentynskiej\" >12 kwietnia 1891 pocz\u0105tek ligi argenty\u0144skiej.<\/a><\/li><\/ul><\/li><li class='ez-toc-page-1 ez-toc-heading-level-4'><a class=\"ez-toc-link ez-toc-heading-7\" href=\"https:\/\/kronika-futbolu.pl\/historia\/pilkarska-kartka-z-kalendarza-18-maja\/#i\" >\u00a0<\/a><\/li><li class='ez-toc-page-1 ez-toc-heading-level-4'><a class=\"ez-toc-link ez-toc-heading-8\" href=\"https:\/\/kronika-futbolu.pl\/historia\/pilkarska-kartka-z-kalendarza-18-maja\/#Masz_pytania_Chcesz_sie_dowiedziec_wiecej_Pisz_smialo\" >Masz pytania ? Chcesz si\u0119 dowiedzie\u0107 wi\u0119cej ? Pisz \u015bmia\u0142o !<\/a><\/li><\/ul><\/nav><\/div>\n<h4><span class=\"ez-toc-section\" id=\"Pilkarska_kartka_z_kalendarza_18_maja\"><\/span>Pi\u0142karska kartka z kalendarza 18 maja<span class=\"ez-toc-section-end\"><\/span><\/h4>\n<p>1897.05.18 Za\u0142o\u017cono chilijski klub<strong> Uni\u00f3n Espanola<\/strong> 6-krotny mistrz Chile<\/p>\n<p>1920.05.18 Urodzi\u0142 si\u0119 <strong>Ren\u00e9 Pontoni<\/strong>, argenty\u0144ski napastnik, zdobywca Copa America 1945,1946,1947 (zm. 1983)<\/p>\n<p>1978.05.18 Urodzi\u0142 si\u0119<strong> Ricardo Carvalho<\/strong>, portugalski obro\u0144ca, wicemistrz Europy 2004 zdobywca Ligi Mistrz\u00f3w 2004, Pucharu UEFA 2003 z FC Porto<\/p>\n<p>1978.05.18 Urodzi\u0142 si\u0119 <strong>Helton<\/strong>, brazylijski, bramkarz, zdobywca Copa America 2007 jako rezerwowy, zdobywca Ligi Europy 2011 z FC Porto<\/p>\n<p>1979.05.18 <strong>Mariusz Lewandowski<\/strong>, obro\u0144ca, mistrz Ukrainy 2002, 2005, 2006, 2008, 2010 z Szachtarem Donieck, zawodnik tak\u017ce Zaglebia Lubin, Dyskobolii Grodzisk Wlkp. PFK Sewastopol, uczestnik mundialu 2006 i Euro 2008<\/p>\n<p>1980.05.18 Urodzi\u0142 si\u0119 <strong>Diego P\u00e9rez<\/strong>, urugwajski pomocnik. Przede wszystkim zdobywca Copa America 2011, 4 miejsce na mundialu 2010<\/p>\n<p>1981.05.18 Urodzi\u0142 si\u0119 <strong>Mahamadou Diarra<\/strong>, malijski pomocnik, zawodnik min. Vitesse, Ol.Lyon, Realu Madryt,Fulham<\/p>\n<p>2002-05-18 <strong> Polska &#8211; Estonia<\/strong> 1-0 MT Warszawa gol: Maciej \u017burawski 56&#8242;<\/p>\n<p>1966-05-18 <strong>Polska &#8211; Szwecja <\/strong> 1-1 MT Wroc\u0142aw bramki: Stanis\u0142aw O\u015bliz\u0142o 43&#8242;- Bo Larsson 19&#8242;<\/p>\n<p>1952-05-18 <strong> Polska &#8211; Bu\u0142garia<\/strong> 0-1 MT Warszawa gol: Dimitar Milanov 45&#8242;<\/p>\n<p>1924-05-18 <strong> Szwecja &#8211; Polska<\/strong> 5-1 MT Sztokholm bramki: Sven Rydell 6&#8242;, 61&#8242;, 83&#8242;, Gunnar Olsson 49&#8242;, Torsten Svensson 69&#8242;- Mieczys\u0142aw Batsch 57&#8242;<\/p>\n<h4><span class=\"ez-toc-section\" id=\"Zobacz_takze\"><\/span><strong>Zobacz tak\u017ce:<\/strong><span class=\"ez-toc-section-end\"><\/span><\/h4>\n<h5><span class=\"ez-toc-section\" id=\"Lista_meczow_reprezentacji_Polski\"><\/span><a href=\"\/historia\/reprezentacja-polski-mecze\/\">Lista mecz\u00f3w reprezentacji Polski.<\/a><span class=\"ez-toc-section-end\"><\/span><\/h5>\n<h5><span class=\"ez-toc-section\" id=\"Pilkarska_kartka_z_kalendarza_17_maja\"><\/span><a href=\"\/historia\/pilkarska-kartka-z-kalendarza-17-maja\/\">Pi\u0142karska kartka z kalendarza 17 maja.<\/a><span class=\"ez-toc-section-end\"><\/span><\/h5>\n<h5><span class=\"ez-toc-section\" id=\"Rocznica_tragedii_w_Gabonie\"><\/span><a href=\"\/historia\/22-lata-od-tragedii-w-gabonie\/\">Rocznica tragedii w Gabonie.<\/a><span class=\"ez-toc-section-end\"><\/span><\/h5>\n<h5><span class=\"ez-toc-section\" id=\"12_kwietnia_1891_poczatek_ligi_argentynskiej\"><\/span><a href=\"\/historia\/12-kwietnia-1891-poczatek-ligi-argentynskiej\/\">12 kwietnia 1891 pocz\u0105tek ligi argenty\u0144skiej.<\/a><span class=\"ez-toc-section-end\"><\/span><\/h5>\n<h4><span class=\"ez-toc-section\" id=\"i\"><\/span>\u00a0<span class=\"ez-toc-section-end\"><\/span><\/h4>\n<h4><span class=\"ez-toc-section\" id=\"Masz_pytania_Chcesz_sie_dowiedziec_wiecej_Pisz_smialo\"><\/span>Masz pytania ? Chcesz si\u0119 dowiedzie\u0107 wi\u0119cej ? Pisz \u015bmia\u0142o !<span class=\"ez-toc-section-end\"><\/span><\/h4>\n<p>[contact-form]<\/p>\n<p>[contact-field label=&#8221;Podpis&#8221; type=&#8221;name&#8221; required=&#8221;true&#8221; \/][contact-fi<\/p>\n","protected":false},"excerpt":{"rendered":"<p>Pi\u0142karska kartka z kalendarza 18 maja 1897.05.18 Za\u0142o\u017cono chilijski klub Uni\u00f3n Espanola 6-krotny mistrz Chile 1920.05.18 Urodzi\u0142 si\u0119 Ren\u00e9 Pontoni, argenty\u0144ski napastnik, zdobywca Copa America 1945,1946,1947 (zm. 1983) 1978.05.18 Urodzi\u0142 si\u0119 Ricardo Carvalho, portugalski obro\u0144ca, wicemistrz Europy 2004 zdobywca Ligi Mistrz\u00f3w 2004, Pucharu UEFA 2003 z FC Porto 1978.05.18 Urodzi\u0142 si\u0119 Helton, brazylijski, bramkarz, zdobywca [&hellip;]<\/p>\n","protected":false},"author":3,"featured_media":12991,"comment_status":"closed","ping_status":"open","sticky":false,"template":"","format":"standard","meta":{"_acf_changed":false,"footnotes":""},"categories":[144],"tags":[595,143,394],"class_list":["post-8400","post","type-post","status-publish","format-standard","has-post-thumbnail","hentry","category-kartka-z-kalendarza","tag-18-maja","tag-kalendarium","tag-maj"],"acf":[],"_links":{"self":[{"href":"https:\/\/kronika-futbolu.pl\/historia\/wp-json\/wp\/v2\/posts\/8400","targetHints":{"allow":["GET"]}}],"collection":[{"href":"https:\/\/kronika-futbolu.pl\/historia\/wp-json\/wp\/v2\/posts"}],"about":[{"href":"https:\/\/kronika-futbolu.pl\/historia\/wp-json\/wp\/v2\/types\/post"}],"author":[{"embeddable":true,"href":"https:\/\/kronika-futbolu.pl\/historia\/wp-json\/wp\/v2\/users\/3"}],"replies":[{"embeddable":true,"href":"https:\/\/kronika-futbolu.pl\/historia\/wp-json\/wp\/v2\/comments?post=8400"}],"version-history":[{"count":1,"href":"https:\/\/kronika-futbolu.pl\/historia\/wp-json\/wp\/v2\/posts\/8400\/revisions"}],"predecessor-version":[{"id":13160,"href":"https:\/\/kronika-futbolu.pl\/historia\/wp-json\/wp\/v2\/posts\/8400\/revisions\/13160"}],"wp:featuredmedia":[{"embeddable":true,"href":"https:\/\/kronika-futbolu.pl\/historia\/wp-json\/wp\/v2\/media\/12991"}],"wp:attachment":[{"href":"https:\/\/kronika-futbolu.pl\/historia\/wp-json\/wp\/v2\/media?parent=8400"}],"wp:term":[{"taxonomy":"category","embeddable":true,"href":"https:\/\/kronika-futbolu.pl\/historia\/wp-json\/wp\/v2\/categories?post=8400"},{"taxonomy":"post_tag","embeddable":true,"href":"https:\/\/kronika-futbolu.pl\/historia\/wp-json\/wp\/v2\/tags?post=8400"}],"curies":[{"name":"wp","href":"https:\/\/api.w.org\/{rel}","templated":true}]}}