{"id":8402,"date":"2020-05-19T00:02:08","date_gmt":"2020-05-18T22:02:08","guid":{"rendered":"https:\/\/kronika-futbolu.pl\/historia\/?p=8402"},"modified":"2022-10-15T12:30:16","modified_gmt":"2022-10-15T10:30:16","slug":"pilkarska-kartka-z-kalendarza-19-maja","status":"publish","type":"post","link":"https:\/\/kronika-futbolu.pl\/historia\/pilkarska-kartka-z-kalendarza-19-maja\/","title":{"rendered":"Pi\u0142karska kartka z kalendarza 19 maja"},"content":{"rendered":"<div id=\"ez-toc-container\" class=\"ez-toc-v2_0_75 counter-hierarchy ez-toc-counter ez-toc-grey ez-toc-container-direction\">\n<div class=\"ez-toc-title-container\">\n<p class=\"ez-toc-title\" style=\"cursor:inherit\">Table of Contents<\/p>\n<span class=\"ez-toc-title-toggle\"><a href=\"#\" class=\"ez-toc-pull-right ez-toc-btn ez-toc-btn-xs ez-toc-btn-default ez-toc-toggle\" aria-label=\"Toggle Table of Content\"><span class=\"ez-toc-js-icon-con\"><span class=\"\"><span class=\"eztoc-hide\" style=\"display:none;\">Toggle<\/span><span class=\"ez-toc-icon-toggle-span\"><svg style=\"fill: #999;color:#999\" xmlns=\"http:\/\/www.w3.org\/2000\/svg\" class=\"list-377408\" width=\"20px\" height=\"20px\" viewBox=\"0 0 24 24\" fill=\"none\"><path d=\"M6 6H4v2h2V6zm14 0H8v2h12V6zM4 11h2v2H4v-2zm16 0H8v2h12v-2zM4 16h2v2H4v-2zm16 0H8v2h12v-2z\" fill=\"currentColor\"><\/path><\/svg><svg style=\"fill: #999;color:#999\" class=\"arrow-unsorted-368013\" xmlns=\"http:\/\/www.w3.org\/2000\/svg\" width=\"10px\" height=\"10px\" viewBox=\"0 0 24 24\" version=\"1.2\" baseProfile=\"tiny\"><path d=\"M18.2 9.3l-6.2-6.3-6.2 6.3c-.2.2-.3.4-.3.7s.1.5.3.7c.2.2.4.3.7.3h11c.3 0 .5-.1.7-.3.2-.2.3-.5.3-.7s-.1-.5-.3-.7zM5.8 14.7l6.2 6.3 6.2-6.3c.2-.2.3-.5.3-.7s-.1-.5-.3-.7c-.2-.2-.4-.3-.7-.3h-11c-.3 0-.5.1-.7.3-.2.2-.3.5-.3.7s.1.5.3.7z\"\/><\/svg><\/span><\/span><\/span><\/a><\/span><\/div>\n<nav><ul class='ez-toc-list ez-toc-list-level-1 ' ><li class='ez-toc-page-1 ez-toc-heading-level-4'><a class=\"ez-toc-link ez-toc-heading-1\" href=\"https:\/\/kronika-futbolu.pl\/historia\/pilkarska-kartka-z-kalendarza-19-maja\/#Pilkarska_kartka_z_kalendarza_19_maja\" >Pi\u0142karska kartka z kalendarza 19 maja<\/a><\/li><li class='ez-toc-page-1 ez-toc-heading-level-4'><a class=\"ez-toc-link ez-toc-heading-2\" href=\"https:\/\/kronika-futbolu.pl\/historia\/pilkarska-kartka-z-kalendarza-19-maja\/#Zobacz_takze\" >Zobacz tak\u017ce:<\/a><ul class='ez-toc-list-level-5' ><li class='ez-toc-heading-level-5'><a class=\"ez-toc-link ez-toc-heading-3\" href=\"https:\/\/kronika-futbolu.pl\/historia\/pilkarska-kartka-z-kalendarza-19-maja\/#Lista_meczow_reprezentacji_Polski\" >Lista mecz\u00f3w reprezentacji Polski.<\/a><\/li><li class='ez-toc-page-1 ez-toc-heading-level-5'><a class=\"ez-toc-link ez-toc-heading-4\" href=\"https:\/\/kronika-futbolu.pl\/historia\/pilkarska-kartka-z-kalendarza-19-maja\/#Pilkarska_kartka_z_kalendarza_18_maja\" >Pi\u0142karska kartka z kalendarza 18 maja.<\/a><\/li><li class='ez-toc-page-1 ez-toc-heading-level-5'><a class=\"ez-toc-link ez-toc-heading-5\" href=\"https:\/\/kronika-futbolu.pl\/historia\/pilkarska-kartka-z-kalendarza-19-maja\/#Rocznica_tragedii_w_Gabonie\" >Rocznica tragedii w Gabonie.<\/a><\/li><li class='ez-toc-page-1 ez-toc-heading-level-5'><a class=\"ez-toc-link ez-toc-heading-6\" href=\"https:\/\/kronika-futbolu.pl\/historia\/pilkarska-kartka-z-kalendarza-19-maja\/#12_kwietnia_1891_poczatek_ligi_argentynskiej\" >12 kwietnia 1891 pocz\u0105tek ligi argenty\u0144skiej.<\/a><\/li><\/ul><\/li><li class='ez-toc-page-1 ez-toc-heading-level-4'><a class=\"ez-toc-link ez-toc-heading-7\" href=\"https:\/\/kronika-futbolu.pl\/historia\/pilkarska-kartka-z-kalendarza-19-maja\/#i\" >\u00a0<\/a><\/li><li class='ez-toc-page-1 ez-toc-heading-level-4'><a class=\"ez-toc-link ez-toc-heading-8\" href=\"https:\/\/kronika-futbolu.pl\/historia\/pilkarska-kartka-z-kalendarza-19-maja\/#Masz_pytania_Chcesz_sie_dowiedziec_wiecej_Pisz_smialo\" >Masz pytania ? Chcesz si\u0119 dowiedzie\u0107 wi\u0119cej ? Pisz \u015bmia\u0142o !<\/a><\/li><\/ul><\/nav><\/div>\n<h4><span class=\"ez-toc-section\" id=\"Pilkarska_kartka_z_kalendarza_19_maja\"><\/span>Pi\u0142karska kartka z kalendarza 19 maja<span class=\"ez-toc-section-end\"><\/span><\/h4>\n<p>1936.05.19 Urodzi\u0142 si\u0119 <strong>Andrej Kva\u0161\u0148\u00e1k<\/strong>, s\u0142owacki pomocnik, br\u0105zowy medalista Mistrzostw Europy 1960 (zm. 2007)<\/p>\n<p>1952.05.19 Urodzi\u0142 si\u0119 <strong>Bert van Marwijk<\/strong>, holenderski pomocnik\/napastnik, zawodnik min. AZ, MVV Maastricht, jako trener wicemistrz \u015bwiata 2010 z Holandi\u0105, zdobywca Pucharu UEFA 2002 z Feyenoordem<\/p>\n<p>1962.05.19 Urodzi\u0142 si\u0119 <strong>Ulrich Borowka<\/strong>, niemiecki obro\u0144ca, pochodzenia polskiego, zdobywca Pucharu Zdobywc\u00f3w Puchar\u00f3w 1992 z Werderem, mistrz Polski 1997 z Widzewem \u0141\u00f3d\u017a, pierwszy Niemiec w Polskiej I lidze<\/p>\n<p>1965.05.19 <strong>Tomasz Jasina<\/strong>, polski pi\u0142karz, komentator sportowy<\/p>\n<p>1979.05.19 Urodzi\u0142 si\u0119 <strong>Diego Forl\u00e1n<\/strong>, urugwajski napastnik. Zdobywca 4 miejsca na mistrzostwach \u015awiata 2010, Copa America 2011, Ligi Europy 2010, Superpucharu Europy 2010 z Atletico Madryt<\/p>\n<p>1979.05.19 Urodzi\u0142 si\u0119 <strong>Andrea Pirlo<\/strong>, w\u0142oski pomocnik, mistrz \u015bwiata 2006, wicemistrz Europy 2012, 3 miejsce na Pucharze Konfederacji 2013. Br\u0105zowy medalista Igrzysk Olimpijskich 2004, zdobywca Ligi Mistrz\u00f3w 2003,2007,Super Pucharu Europy 2003,2007. Klubowy Mistrz \u015awiata 2007 z Milanem<\/p>\n<p>1980.05.19 Urodzi\u0142 si\u0119 <strong>Daniel Ngom Kome<\/strong>, kameru\u0144ski pomocnik, z\u0142oty medalista Igrzysk Olimpijskich 2000<\/p>\n<p>1993-05-19 <strong>San Marino &#8211; Polska<\/strong> 0-3 EM\u015a 1994 Serravalle bramki: Marek Le\u015bniak 53&#8242;, 87&#8242;, Krzysztof Warzycha 57&#8242;<\/p>\n<p>1992-05-19 <strong> Austria &#8211; Polska <\/strong> 2 -4 MT Salzburg bramki: Ralph Hasenh\u00fcttl 20&#8242;, Walter Waldh\u00f6r 68&#8242;- Roman Kosecki 10&#8242;,33&#8242;, Krzysztof Warzycha 59&#8242;, Wojciech Kowalczyk 64&#8242;<\/p>\n<p>1990-05-19 <strong> Szkocja &#8211; Polska <\/strong> 1-1 MT Glasgow bramki: Mo Johnston 42&#8242;- Gary Gillespie 59&#8242;-sam.<\/p>\n<p>1985-05-19 <strong> Grecja &#8211; Polska<\/strong> 1-4 EM\u015a 1986 Ateny bramki: Nikos Anastopoulos 47&#8242;- W\u0142odzimierz Smolarek 25&#8242;, Marek Ostrowski 58&#8242;, Zbigniew Boniek 78&#8242;, Dariusz Dziekanowski 90&#8242;<\/p>\n<p>1970-05-19 <strong> Dania &#8211; Polska <\/strong> 0-2 MT Kopenhaga bramki: Jan Bana\u015b 25&#8242;, Andrzej Jarosik 88&#8242;<\/p>\n<p>1960-05-19 <strong>ZSRR &#8211; Polska <\/strong> 7-1 MT Moskwa bramki: Valentin Ivanov 4&#8242;, 87&#8242;, Valentin Bubukin 8&#8242;, Viktor Ponedelnik 14&#8242;, 86&#8242;, 90&#8242; Slava Metreveli 24&#8242;- Ernest Pohl 83&#8242;-k<\/p>\n<p>1957-05-19 <strong> Polska &#8211; Turcja <\/strong> 0-1 MT Warszawa gol: Mehmet Ali Has 42&#8242;<\/p>\n<h4><span class=\"ez-toc-section\" id=\"Zobacz_takze\"><\/span><strong>Zobacz tak\u017ce:<\/strong><span class=\"ez-toc-section-end\"><\/span><\/h4>\n<h5><span class=\"ez-toc-section\" id=\"Lista_meczow_reprezentacji_Polski\"><\/span><a href=\"\/historia\/reprezentacja-polski-mecze\/\">Lista mecz\u00f3w reprezentacji Polski.<\/a><span class=\"ez-toc-section-end\"><\/span><\/h5>\n<h5><span class=\"ez-toc-section\" id=\"Pilkarska_kartka_z_kalendarza_18_maja\"><\/span><a href=\"\/historia\/pilkarska-kartka-z-kalendarza-18-maja\/\">Pi\u0142karska kartka z kalendarza 18 maja.<\/a><span class=\"ez-toc-section-end\"><\/span><\/h5>\n<h5><span class=\"ez-toc-section\" id=\"Rocznica_tragedii_w_Gabonie\"><\/span><a href=\"\/historia\/22-lata-od-tragedii-w-gabonie\/\">Rocznica tragedii w Gabonie.<\/a><span class=\"ez-toc-section-end\"><\/span><\/h5>\n<h5><span class=\"ez-toc-section\" id=\"12_kwietnia_1891_poczatek_ligi_argentynskiej\"><\/span><a href=\"\/historia\/12-kwietnia-1891-poczatek-ligi-argentynskiej\/\">12 kwietnia 1891 pocz\u0105tek ligi argenty\u0144skiej.<\/a><span class=\"ez-toc-section-end\"><\/span><\/h5>\n<h4><span class=\"ez-toc-section\" id=\"i\"><\/span>\u00a0<span class=\"ez-toc-section-end\"><\/span><\/h4>\n<h4><span class=\"ez-toc-section\" id=\"Masz_pytania_Chcesz_sie_dowiedziec_wiecej_Pisz_smialo\"><\/span>Masz pytania ? Chcesz si\u0119 dowiedzie\u0107 wi\u0119cej ? Pisz \u015bmia\u0142o !<span class=\"ez-toc-section-end\"><\/span><\/h4>\n<p>[contact-form]<\/p>\n<p>[contact-field label=&#8221;Podpis&#8221; type=&#8221;name&#8221; required=&#8221;true&#8221; \/][contact-fi<\/p>\n","protected":false},"excerpt":{"rendered":"<p>Pi\u0142karska kartka z kalendarza 19 maja 1936.05.19 Urodzi\u0142 si\u0119 Andrej Kva\u0161\u0148\u00e1k, s\u0142owacki pomocnik, br\u0105zowy medalista Mistrzostw Europy 1960 (zm. 2007) 1952.05.19 Urodzi\u0142 si\u0119 Bert van Marwijk, holenderski pomocnik\/napastnik, zawodnik min. AZ, MVV Maastricht, jako trener wicemistrz \u015bwiata 2010 z Holandi\u0105, zdobywca Pucharu UEFA 2002 z Feyenoordem 1962.05.19 Urodzi\u0142 si\u0119 Ulrich Borowka, niemiecki obro\u0144ca, pochodzenia polskiego, [&hellip;]<\/p>\n","protected":false},"author":3,"featured_media":12991,"comment_status":"closed","ping_status":"open","sticky":false,"template":"","format":"standard","meta":{"_acf_changed":false,"footnotes":""},"categories":[144],"tags":[596,143,394],"class_list":["post-8402","post","type-post","status-publish","format-standard","has-post-thumbnail","hentry","category-kartka-z-kalendarza","tag-19-maja","tag-kalendarium","tag-maj"],"acf":[],"_links":{"self":[{"href":"https:\/\/kronika-futbolu.pl\/historia\/wp-json\/wp\/v2\/posts\/8402","targetHints":{"allow":["GET"]}}],"collection":[{"href":"https:\/\/kronika-futbolu.pl\/historia\/wp-json\/wp\/v2\/posts"}],"about":[{"href":"https:\/\/kronika-futbolu.pl\/historia\/wp-json\/wp\/v2\/types\/post"}],"author":[{"embeddable":true,"href":"https:\/\/kronika-futbolu.pl\/historia\/wp-json\/wp\/v2\/users\/3"}],"replies":[{"embeddable":true,"href":"https:\/\/kronika-futbolu.pl\/historia\/wp-json\/wp\/v2\/comments?post=8402"}],"version-history":[{"count":1,"href":"https:\/\/kronika-futbolu.pl\/historia\/wp-json\/wp\/v2\/posts\/8402\/revisions"}],"predecessor-version":[{"id":13159,"href":"https:\/\/kronika-futbolu.pl\/historia\/wp-json\/wp\/v2\/posts\/8402\/revisions\/13159"}],"wp:featuredmedia":[{"embeddable":true,"href":"https:\/\/kronika-futbolu.pl\/historia\/wp-json\/wp\/v2\/media\/12991"}],"wp:attachment":[{"href":"https:\/\/kronika-futbolu.pl\/historia\/wp-json\/wp\/v2\/media?parent=8402"}],"wp:term":[{"taxonomy":"category","embeddable":true,"href":"https:\/\/kronika-futbolu.pl\/historia\/wp-json\/wp\/v2\/categories?post=8402"},{"taxonomy":"post_tag","embeddable":true,"href":"https:\/\/kronika-futbolu.pl\/historia\/wp-json\/wp\/v2\/tags?post=8402"}],"curies":[{"name":"wp","href":"https:\/\/api.w.org\/{rel}","templated":true}]}}