{"id":8449,"date":"2020-06-26T00:10:57","date_gmt":"2020-06-25T22:10:57","guid":{"rendered":"https:\/\/kronika-futbolu.pl\/historia\/?p=8449"},"modified":"2022-10-15T12:03:27","modified_gmt":"2022-10-15T10:03:27","slug":"pilkarska-kartka-z-kalendarza-26-czerwca","status":"publish","type":"post","link":"https:\/\/kronika-futbolu.pl\/historia\/pilkarska-kartka-z-kalendarza-26-czerwca\/","title":{"rendered":"Pi\u0142karska kartka z kalendarza 26 czerwca"},"content":{"rendered":"<h4>Pi\u0142karska kartka z kalendarza 26 czerwca<\/h4>\n<p>1904.06.26 Za\u0142o\u017cono szwedzki klub pi\u0142karski <strong>IF Elfsborg<\/strong>, kilkukrotny mistrz Szwecji<\/p>\n<p>1954.06.26 Urodzi\u0142 si\u0119 <strong>Luis Arconada<\/strong>, hiszpa\u0144ski bramkarz, wicemistrz Europy 1984<\/p>\n<p>1968.06.26 Urodzi\u0142 si\u0119 <strong>Paolo Maldini<\/strong>, w\u0142oski obro\u0144ca, zdobywca Pucharu Europy 1989,1990, 1994, 2003, 2007 z Milanem, wicemistrz \u015bwiata 1994, wicemistrz Europy 2000<\/p>\n<p>1992.06.26 W <strong>finale <\/strong>rozgrywanych w Szwecji <strong>Mistrzostw Europy<\/strong> Dania pokona\u0142a na stadionie Ullevi w G\u00f6teborgu Niemcy 2:0.<\/p>\n<p>1948.06.26 Reprezentacja <strong>Polski <\/strong>ponios\u0142a najwy\u017csz\u0105 pora\u017ck\u0119 w swej historii <strong>0- 8<\/strong> z <strong>Dani\u0105 <\/strong>w Kopenhadzie. W meczu tym sw\u00f3j jedyny reprezentacyjny wyst\u0119p zaliczy\u0142 Kazimierz G\u00f3rski, gra\u0142 do 34 minuty. Bramki: Karl Hansen 26&#8242;,87&#8242; Carl Pr\u00e6st 39&#8242;,73&#8242;, 88&#8242;, John Hansen 44&#8242;,45&#8242;, Johannes Pl\u00f8ger 78&#8242;<\/p>\n<p>1955-06-26 <strong>Bu\u0142garia &#8211; Polska<\/strong> 1-1 MT Sofia bramki: Stefan Bozhkov 71&#8242;-k- Lucjan Brychczy 28&#8242;<\/p>\n<p>1960-06-26 <strong>Polska &#8211; Bu\u0142garia<\/strong> 4-0 MT Chorz\u00f3w bramki: Roman Lentner 8&#8242;, Manol Manolov 31&#8242;-sam. Stanis\u0142aw Hachorek 76&#8242;, 79&#8242;<\/p>\n<p>1974-06-26<strong> Polska &#8211; Szwecja<\/strong> 1-0 M\u015a 1974 Stuttgart gol: Grzegorz Lato 44&#8242;<\/p>\n<p>1999.06.26 <strong>Tiligul Tiraspol -Polonia Warszawa<\/strong> 0-0 Puchar Intertoto<\/p>\n","protected":false},"excerpt":{"rendered":"<p>Pi\u0142karska kartka z kalendarza 26 czerwca 1904.06.26 Za\u0142o\u017cono szwedzki klub pi\u0142karski IF Elfsborg, kilkukrotny mistrz Szwecji 1954.06.26 Urodzi\u0142 si\u0119 Luis Arconada, hiszpa\u0144ski bramkarz, wicemistrz Europy 1984 1968.06.26 Urodzi\u0142 si\u0119 Paolo Maldini, w\u0142oski obro\u0144ca, zdobywca Pucharu Europy 1989,1990, 1994, 2003, 2007 z Milanem, wicemistrz \u015bwiata 1994, wicemistrz Europy 2000 1992.06.26 W finale rozgrywanych w Szwecji Mistrzostw [&hellip;]<\/p>\n","protected":false},"author":3,"featured_media":12991,"comment_status":"closed","ping_status":"open","sticky":false,"template":"","format":"standard","meta":{"_acf_changed":false,"footnotes":""},"categories":[144],"tags":[143],"class_list":["post-8449","post","type-post","status-publish","format-standard","has-post-thumbnail","hentry","category-kartka-z-kalendarza","tag-kalendarium"],"acf":[],"_links":{"self":[{"href":"https:\/\/kronika-futbolu.pl\/historia\/wp-json\/wp\/v2\/posts\/8449","targetHints":{"allow":["GET"]}}],"collection":[{"href":"https:\/\/kronika-futbolu.pl\/historia\/wp-json\/wp\/v2\/posts"}],"about":[{"href":"https:\/\/kronika-futbolu.pl\/historia\/wp-json\/wp\/v2\/types\/post"}],"author":[{"embeddable":true,"href":"https:\/\/kronika-futbolu.pl\/historia\/wp-json\/wp\/v2\/users\/3"}],"replies":[{"embeddable":true,"href":"https:\/\/kronika-futbolu.pl\/historia\/wp-json\/wp\/v2\/comments?post=8449"}],"version-history":[{"count":1,"href":"https:\/\/kronika-futbolu.pl\/historia\/wp-json\/wp\/v2\/posts\/8449\/revisions"}],"predecessor-version":[{"id":13125,"href":"https:\/\/kronika-futbolu.pl\/historia\/wp-json\/wp\/v2\/posts\/8449\/revisions\/13125"}],"wp:featuredmedia":[{"embeddable":true,"href":"https:\/\/kronika-futbolu.pl\/historia\/wp-json\/wp\/v2\/media\/12991"}],"wp:attachment":[{"href":"https:\/\/kronika-futbolu.pl\/historia\/wp-json\/wp\/v2\/media?parent=8449"}],"wp:term":[{"taxonomy":"category","embeddable":true,"href":"https:\/\/kronika-futbolu.pl\/historia\/wp-json\/wp\/v2\/categories?post=8449"},{"taxonomy":"post_tag","embeddable":true,"href":"https:\/\/kronika-futbolu.pl\/historia\/wp-json\/wp\/v2\/tags?post=8449"}],"curies":[{"name":"wp","href":"https:\/\/api.w.org\/{rel}","templated":true}]}}