{"id":8568,"date":"2019-10-23T00:01:09","date_gmt":"2019-10-22T22:01:09","guid":{"rendered":"https:\/\/kronika-futbolu.pl\/historia\/?p=8568"},"modified":"2022-10-14T14:33:08","modified_gmt":"2022-10-14T12:33:08","slug":"pilkarska-kartka-z-kalendarza-23-pazdziernika","status":"publish","type":"post","link":"https:\/\/kronika-futbolu.pl\/historia\/pilkarska-kartka-z-kalendarza-23-pazdziernika\/","title":{"rendered":"Pi\u0142karska kartka z kalendarza 23 pa\u017adziernika"},"content":{"rendered":"<h4>Pi\u0142karska kartka z kalendarza 23 pa\u017adziernika<\/h4>\n<p>&nbsp;<\/p>\n<p>1940.10.23 Urodzi\u0142 si\u0119 Edson Arantes do Nascimento (Pel\u00e9), brazylijski napastnik mistrz \u015bwiata &#8217;58 &#8217;62 &#8217;70<\/p>\n<p>1947.10.23 Urodzi\u0142 si\u0119 Kazimierz Deyna, mistrzostwo olimpijskie 1972 wicemistrzostwo olimpijskie 1976 3 miejsce na Mistrzostwach \u015awiata 1974, kr\u00f3l strzelc\u00f3w igrzysk olimpijskich 1972, mistrz Polski 1969,1970 z Legi\u0105, Opr\u00f3cz Legii gra\u0142 w W\u0142\u00f3kniarzu Starogard Gda\u0144ski. \u0141KS-ie \u0141\u00f3d\u017a, Manchesterze City, San Diego Sockers, wybrany najlepszym polskim pi\u0142karzem XX wieku wg Tygodnika Pi\u0142ka No\u017cna, zgin\u0105\u0142 w wypadku samochodowym w 1989.<\/p>\n<p>1957.10.23 Urodzi\u0142 si\u0119 Adam Nawa\u0142ka, pomocnik, trener, mistrz Polski 1978 z Wis\u0142\u0105 Krak\u00f3w<\/p>\n<p>&nbsp;<\/p>\n<p>&nbsp;<\/p>\n<p>1938-10-23 Polska &#8211; Norwegia 2-2 MT Warszawa bramki: Ryszard Piec 73&#8242;, Ernest Wilimowski 80&#8242;- Hans Nordahl 6&#8242;, Alf Martinsen 40&#8242;<\/p>\n<p>&nbsp;<\/p>\n<p>&nbsp;<\/p>\n<p>1963.10.23 Zag\u0142\u0119bie Sosnowiec &#8211; Olympiakos Pireus 0-2 Puchar Zdobywc\u00f3w Puchar\u00f3w 1\/16 fina\u0142u- 3 mecz bramki: Giorgos Sideris 38&#8242;, Nikos Tzinis 52&#8242;<\/p>\n<p>&nbsp;<\/p>\n<p>1974.10.23 Ruch Chorz\u00f3w &#8211; Fenerbah\u00e7e Stambu\u0142 2-1 Puchar Europy II runda bramki: J\u00f3zef Kopicera 46&#8242;, Jan Benigier 61&#8242;- Niyazi G\u00fclseven 38&#8242;<\/p>\n<p>&nbsp;<\/p>\n<p>1974.10.23 Gwardia Warszawa -PSV Eindhoven 1-5 Puchar Zdobywc\u00f3w Puchar\u00f3w 1\/8 fina\u0142u bramki: Jan Ma\u0142kiewicz 73&#8242;- Gerrie Deijkers 15&#8242;, Harry Lubse 17&#8242;, Willy van de Kerkhof 20&#8242;,60&#8242;, Ryszard Kielak 70&#8242;-sam.<\/p>\n<p>&nbsp;<\/p>\n<p>1985.10.23 Videoton Sz\u00e9kesfeh\u00e9rv\u00e1r-Legia Warszawa 0-1 Puchar UEFA 1\/16 fina\u0142u gol: Jaros\u0142aw Araszkiewicz 88&#8242;<\/p>\n<p>&nbsp;<\/p>\n<p>1991.10.23 GKS Katowice-FC Brugge 0-1 Puchar Zdobywc\u00f3w Puchar\u00f3w 1\/8 fina\u0142u gol: Lorenzo Staelens 22&#8242;<\/p>\n<p>&nbsp;<\/p>\n<p>2014.10.23 Metalist Chark\u00f3w-Legia Warszawa 0-1 gol: Ondrej Duda 28&#8242; Liga Europy faza grupowa<\/p>\n<p>&nbsp;<\/p>\n<p>&nbsp;<\/p>\n","protected":false},"excerpt":{"rendered":"<p>Pi\u0142karska kartka z kalendarza 23 pa\u017adziernika &nbsp; 1940.10.23 Urodzi\u0142 si\u0119 Edson Arantes do Nascimento (Pel\u00e9), brazylijski napastnik mistrz \u015bwiata &#8217;58 &#8217;62 &#8217;70 1947.10.23 Urodzi\u0142 si\u0119 Kazimierz Deyna, mistrzostwo olimpijskie 1972 wicemistrzostwo olimpijskie 1976 3 miejsce na Mistrzostwach \u015awiata 1974, kr\u00f3l strzelc\u00f3w igrzysk olimpijskich 1972, mistrz Polski 1969,1970 z Legi\u0105, Opr\u00f3cz Legii gra\u0142 w W\u0142\u00f3kniarzu Starogard [&hellip;]<\/p>\n","protected":false},"author":3,"featured_media":0,"comment_status":"closed","ping_status":"open","sticky":false,"template":"","format":"standard","meta":{"_acf_changed":false,"footnotes":""},"categories":[144],"tags":[143],"class_list":["post-8568","post","type-post","status-publish","format-standard","hentry","category-kartka-z-kalendarza","tag-kalendarium"],"acf":[],"_links":{"self":[{"href":"https:\/\/kronika-futbolu.pl\/historia\/wp-json\/wp\/v2\/posts\/8568","targetHints":{"allow":["GET"]}}],"collection":[{"href":"https:\/\/kronika-futbolu.pl\/historia\/wp-json\/wp\/v2\/posts"}],"about":[{"href":"https:\/\/kronika-futbolu.pl\/historia\/wp-json\/wp\/v2\/types\/post"}],"author":[{"embeddable":true,"href":"https:\/\/kronika-futbolu.pl\/historia\/wp-json\/wp\/v2\/users\/3"}],"replies":[{"embeddable":true,"href":"https:\/\/kronika-futbolu.pl\/historia\/wp-json\/wp\/v2\/comments?post=8568"}],"version-history":[{"count":2,"href":"https:\/\/kronika-futbolu.pl\/historia\/wp-json\/wp\/v2\/posts\/8568\/revisions"}],"predecessor-version":[{"id":13004,"href":"https:\/\/kronika-futbolu.pl\/historia\/wp-json\/wp\/v2\/posts\/8568\/revisions\/13004"}],"wp:attachment":[{"href":"https:\/\/kronika-futbolu.pl\/historia\/wp-json\/wp\/v2\/media?parent=8568"}],"wp:term":[{"taxonomy":"category","embeddable":true,"href":"https:\/\/kronika-futbolu.pl\/historia\/wp-json\/wp\/v2\/categories?post=8568"},{"taxonomy":"post_tag","embeddable":true,"href":"https:\/\/kronika-futbolu.pl\/historia\/wp-json\/wp\/v2\/tags?post=8568"}],"curies":[{"name":"wp","href":"https:\/\/api.w.org\/{rel}","templated":true}]}}