{"id":9026,"date":"2020-06-01T16:18:33","date_gmt":"2020-06-01T14:18:33","guid":{"rendered":"https:\/\/kronika-futbolu.pl\/historia\/?p=9026"},"modified":"2020-06-01T16:18:33","modified_gmt":"2020-06-01T14:18:33","slug":"pilkarska-kartka-z-kalendarza-1-czerwca","status":"publish","type":"post","link":"https:\/\/kronika-futbolu.pl\/historia\/pilkarska-kartka-z-kalendarza-1-czerwca\/","title":{"rendered":"Pi\u0142karska kartka z kalendarza 1 czerwca"},"content":{"rendered":"<div id=\"ez-toc-container\" class=\"ez-toc-v2_0_75 counter-hierarchy ez-toc-counter ez-toc-grey ez-toc-container-direction\">\n<div class=\"ez-toc-title-container\">\n<p class=\"ez-toc-title\" style=\"cursor:inherit\">Table of Contents<\/p>\n<span class=\"ez-toc-title-toggle\"><a href=\"#\" class=\"ez-toc-pull-right ez-toc-btn ez-toc-btn-xs ez-toc-btn-default ez-toc-toggle\" aria-label=\"Toggle Table of Content\"><span class=\"ez-toc-js-icon-con\"><span class=\"\"><span class=\"eztoc-hide\" style=\"display:none;\">Toggle<\/span><span class=\"ez-toc-icon-toggle-span\"><svg style=\"fill: #999;color:#999\" xmlns=\"http:\/\/www.w3.org\/2000\/svg\" class=\"list-377408\" width=\"20px\" height=\"20px\" viewBox=\"0 0 24 24\" fill=\"none\"><path d=\"M6 6H4v2h2V6zm14 0H8v2h12V6zM4 11h2v2H4v-2zm16 0H8v2h12v-2zM4 16h2v2H4v-2zm16 0H8v2h12v-2z\" fill=\"currentColor\"><\/path><\/svg><svg style=\"fill: #999;color:#999\" class=\"arrow-unsorted-368013\" xmlns=\"http:\/\/www.w3.org\/2000\/svg\" width=\"10px\" height=\"10px\" viewBox=\"0 0 24 24\" version=\"1.2\" baseProfile=\"tiny\"><path d=\"M18.2 9.3l-6.2-6.3-6.2 6.3c-.2.2-.3.4-.3.7s.1.5.3.7c.2.2.4.3.7.3h11c.3 0 .5-.1.7-.3.2-.2.3-.5.3-.7s-.1-.5-.3-.7zM5.8 14.7l6.2 6.3 6.2-6.3c.2-.2.3-.5.3-.7s-.1-.5-.3-.7c-.2-.2-.4-.3-.7-.3h-11c-.3 0-.5.1-.7.3-.2.2-.3.5-.3.7s.1.5.3.7z\"\/><\/svg><\/span><\/span><\/span><\/a><\/span><\/div>\n<nav><ul class='ez-toc-list ez-toc-list-level-1 ' ><li class='ez-toc-page-1 ez-toc-heading-level-4'><a class=\"ez-toc-link ez-toc-heading-1\" href=\"https:\/\/kronika-futbolu.pl\/historia\/pilkarska-kartka-z-kalendarza-1-czerwca\/#Pilkarska_kartka_z_kalendarza_1_czerwca\" >Pi\u0142karska kartka z kalendarza 1 czerwca<\/a><\/li><li class='ez-toc-page-1 ez-toc-heading-level-4'><a class=\"ez-toc-link ez-toc-heading-2\" href=\"https:\/\/kronika-futbolu.pl\/historia\/pilkarska-kartka-z-kalendarza-1-czerwca\/#Zobacz_takze\" >Zobacz tak\u017ce:<\/a><ul class='ez-toc-list-level-5' ><li class='ez-toc-heading-level-5'><a class=\"ez-toc-link ez-toc-heading-3\" href=\"https:\/\/kronika-futbolu.pl\/historia\/pilkarska-kartka-z-kalendarza-1-czerwca\/#Lista_meczow_reprezentacji_Polski\" >Lista mecz\u00f3w reprezentacji Polski.<\/a><\/li><li class='ez-toc-page-1 ez-toc-heading-level-5'><a class=\"ez-toc-link ez-toc-heading-4\" href=\"https:\/\/kronika-futbolu.pl\/historia\/pilkarska-kartka-z-kalendarza-1-czerwca\/#Pilkarska_kartka_z_kalendarza_31_maja\" >Pi\u0142karska kartka z kalendarza 31 maja.<\/a><\/li><li class='ez-toc-page-1 ez-toc-heading-level-5'><a class=\"ez-toc-link ez-toc-heading-5\" href=\"https:\/\/kronika-futbolu.pl\/historia\/pilkarska-kartka-z-kalendarza-1-czerwca\/#Rocznica_tragedii_w_Gabonie\" >Rocznica tragedii w Gabonie.<\/a><\/li><li class='ez-toc-page-1 ez-toc-heading-level-5'><a class=\"ez-toc-link ez-toc-heading-6\" href=\"https:\/\/kronika-futbolu.pl\/historia\/pilkarska-kartka-z-kalendarza-1-czerwca\/#12_kwietnia_1891_poczatek_ligi_argentynskiej\" >12 kwietnia 1891 pocz\u0105tek ligi argenty\u0144skiej.<\/a><\/li><\/ul><\/li><li class='ez-toc-page-1 ez-toc-heading-level-4'><a class=\"ez-toc-link ez-toc-heading-7\" href=\"https:\/\/kronika-futbolu.pl\/historia\/pilkarska-kartka-z-kalendarza-1-czerwca\/#Masz_pytania_Chcesz_sie_dowiedziec_wiecej_Pisz_smialo\" >Masz pytania ? Chcesz si\u0119 dowiedzie\u0107 wi\u0119cej ? Pisz \u015bmia\u0142o !<\/a><\/li><\/ul><\/nav><\/div>\n<h4><span class=\"ez-toc-section\" id=\"Pilkarska_kartka_z_kalendarza_1_czerwca\"><\/span>Pi\u0142karska kartka z kalendarza 1 czerwca<span class=\"ez-toc-section-end\"><\/span><\/h4>\n<p>1956.06.1 Ukaza\u0142o si\u0119 pierwsze wydanie tygodnika<strong> Pi\u0142ka No\u017cna<\/strong>.<\/p>\n<p>1962.06.1 Urodzi\u0142 si\u0119<strong> Zbigniew Kaczmarek,<\/strong> pomocnik, reprezentant Polski, gracz min. Legii, Auxerre, Guingamp, Ajaccio<\/p>\n<p>1966.06.1 Urodzi\u0142 sie<strong> Abel Balbo<\/strong>, argenty\u0144ski napastnik, wicemistrz \u015bwiata 1990, zdobywca pucharu UEFA 1999<\/p>\n<p>1978.06.1 W Argentynie rozpocz\u0119\u0142y si\u0119 <strong>XI Mistrzostwa \u015awiata<\/strong> w Pi\u0142ce No\u017cnej. W inauguracyjnym meczu Polska zremisowa\u0142a bezbramkowo z RFN.<\/p>\n<p>1979.06.1 Urodzi\u0142 si\u0119<strong> Mario M\u00e9ndez,<\/strong> meksyka\u0144ski obro\u0144ca, zdobywca Z\u0142otego Pucharu CONCACAF 2003.<\/p>\n<p>1988.06.1 Urodzi\u0142 si\u0119<strong> Javier Hern\u00e1ndez<\/strong>, meksyka\u0144ski napastnik zdobywca Z\u0142otego Pucharu CONCACAF 2011..<\/p>\n<p>1993.06.1 W obl\u0119\u017conym <strong>Sarajewie <\/strong>15 os\u00f3b zgin\u0119\u0142o, a 80 zosta\u0142o rannych w wyniku ataku przeprowadzonego przez Serb\u00f3w podczas meczu pi\u0142karskiego.<\/p>\n<p>1958-06-01 <strong>Polska &#8211; Szkocja <\/strong> 1-2 MT Warszawa bramki: Gerard Cie\u015blik 84&#8242;- Bobby Collins 21&#8242;,53&#8242;<\/p>\n<p>1978-06-01 <strong>Polska &#8211; RFN <\/strong> 0-0 M\u015a 1978 Buenos Aires<\/p>\n<p>1988-06-01 <strong>ZSRR &#8211; Polska<\/strong> 2-1 MT Moskwa bramki: Hennadiy Lytovchenko 49&#8242;, Oleh Protasov 77&#8242;-k- Dariusz Dziekanowski 33&#8242;<\/p>\n<p>2008-06-01 <strong>Polska &#8211; Dania <\/strong> 1-1 MT Chorz\u00f3w bramki: Jacek Krzyn\u00f3wek 43&#8242;- Martin Vingaard 28&#8242;<\/p>\n<p>2016-06-01 <strong>Polska- Holandia<\/strong> 1-2 MT Gda\u0144sk bramki: Artur J\u0119drzejczyk 60&#8242;- Vincent Janssen 33&#8242;, Georginio Wijnaldum 76&#8242; <\/p>\n<h4><span class=\"ez-toc-section\" id=\"Zobacz_takze\"><\/span><strong>Zobacz tak\u017ce:<\/strong><span class=\"ez-toc-section-end\"><\/span><\/h4>\n<h5><span class=\"ez-toc-section\" id=\"Lista_meczow_reprezentacji_Polski\"><\/span><a href=\"\/historia\/reprezentacja-polski-mecze\/\">Lista mecz\u00f3w reprezentacji Polski.<\/a><span class=\"ez-toc-section-end\"><\/span><\/h5>\n<h5><span class=\"ez-toc-section\" id=\"Pilkarska_kartka_z_kalendarza_31_maja\"><\/span><a href=\"\/historia\/pilkarska-kartka-z-kalendarza-31-maja\/\">Pi\u0142karska kartka z kalendarza 31 maja.<\/a><span class=\"ez-toc-section-end\"><\/span><\/h5>\n<h5><span class=\"ez-toc-section\" id=\"Rocznica_tragedii_w_Gabonie\"><\/span><a href=\"\/historia\/22-lata-od-tragedii-w-gabonie\/\">Rocznica tragedii w Gabonie.<\/a><span class=\"ez-toc-section-end\"><\/span><\/h5>\n<h5><span class=\"ez-toc-section\" id=\"12_kwietnia_1891_poczatek_ligi_argentynskiej\"><\/span><a href=\"\/historia\/12-kwietnia-1891-poczatek-ligi-argentynskiej\/\">12 kwietnia 1891 pocz\u0105tek ligi argenty\u0144skiej.<\/a><span class=\"ez-toc-section-end\"><\/span><\/h5>\n<h4> <\/h4>\n<h4><span class=\"ez-toc-section\" id=\"Masz_pytania_Chcesz_sie_dowiedziec_wiecej_Pisz_smialo\"><\/span>Masz pytania ? Chcesz si\u0119 dowiedzie\u0107 wi\u0119cej ? Pisz \u015bmia\u0142o ! <span class=\"ez-toc-section-end\"><\/span><\/h4>\n","protected":false},"excerpt":{"rendered":"<p>Pi\u0142karska kartka z kalendarza 1 czerwca 1956.06.1 Ukaza\u0142o si\u0119 pierwsze wydanie tygodnika Pi\u0142ka No\u017cna. 1962.06.1 Urodzi\u0142 si\u0119 Zbigniew Kaczmarek, pomocnik, reprezentant Polski, gracz min. Legii, Auxerre, Guingamp, Ajaccio 1966.06.1 Urodzi\u0142 sie Abel Balbo, argenty\u0144ski napastnik, wicemistrz \u015bwiata 1990, zdobywca pucharu UEFA 1999 1978.06.1 W Argentynie rozpocz\u0119\u0142y si\u0119 XI Mistrzostwa \u015awiata w Pi\u0142ce No\u017cnej. W inauguracyjnym [&hellip;]<\/p>\n","protected":false},"author":3,"featured_media":9028,"comment_status":"closed","ping_status":"open","sticky":false,"template":"","format":"standard","meta":{"_acf_changed":false,"footnotes":""},"categories":[144],"tags":[538],"class_list":["post-9026","post","type-post","status-publish","format-standard","has-post-thumbnail","hentry","category-kartka-z-kalendarza","tag-czerwiec"],"acf":[],"_links":{"self":[{"href":"https:\/\/kronika-futbolu.pl\/historia\/wp-json\/wp\/v2\/posts\/9026","targetHints":{"allow":["GET"]}}],"collection":[{"href":"https:\/\/kronika-futbolu.pl\/historia\/wp-json\/wp\/v2\/posts"}],"about":[{"href":"https:\/\/kronika-futbolu.pl\/historia\/wp-json\/wp\/v2\/types\/post"}],"author":[{"embeddable":true,"href":"https:\/\/kronika-futbolu.pl\/historia\/wp-json\/wp\/v2\/users\/3"}],"replies":[{"embeddable":true,"href":"https:\/\/kronika-futbolu.pl\/historia\/wp-json\/wp\/v2\/comments?post=9026"}],"version-history":[{"count":0,"href":"https:\/\/kronika-futbolu.pl\/historia\/wp-json\/wp\/v2\/posts\/9026\/revisions"}],"wp:featuredmedia":[{"embeddable":true,"href":"https:\/\/kronika-futbolu.pl\/historia\/wp-json\/wp\/v2\/media\/9028"}],"wp:attachment":[{"href":"https:\/\/kronika-futbolu.pl\/historia\/wp-json\/wp\/v2\/media?parent=9026"}],"wp:term":[{"taxonomy":"category","embeddable":true,"href":"https:\/\/kronika-futbolu.pl\/historia\/wp-json\/wp\/v2\/categories?post=9026"},{"taxonomy":"post_tag","embeddable":true,"href":"https:\/\/kronika-futbolu.pl\/historia\/wp-json\/wp\/v2\/tags?post=9026"}],"curies":[{"name":"wp","href":"https:\/\/api.w.org\/{rel}","templated":true}]}}