{"id":9038,"date":"2020-06-05T20:03:29","date_gmt":"2020-06-05T18:03:29","guid":{"rendered":"https:\/\/kronika-futbolu.pl\/historia\/?p=9038"},"modified":"2022-10-15T12:21:17","modified_gmt":"2022-10-15T10:21:17","slug":"transfery-zagraniczne-mlodych-polskich-pilkarzy-ktory-kierunek-z-biegiem-czasu-okazuje-sie-dla-nich-najlepszy","status":"publish","type":"post","link":"https:\/\/kronika-futbolu.pl\/historia\/transfery-zagraniczne-mlodych-polskich-pilkarzy-ktory-kierunek-z-biegiem-czasu-okazuje-sie-dla-nich-najlepszy\/","title":{"rendered":"Transfery zagraniczne m\u0142odych polskich pi\u0142karzy. Kt\u00f3ry kierunek z biegiem czasu okazuje si\u0119 dla nich najlepszy?"},"content":{"rendered":"<p>Pytanie zawarte w tytule nie ma jednoznacznej odpowiedzi, jako \u017ce polski pi\u0142karz to niejednolity tw\u00f3r, po kt\u00f3rym ci\u0119\u017cko spodziewa\u0107 si\u0119 konkretnych cech. Je\u017celi klub X zastanawia si\u0119 nad \u015bci\u0105gni\u0119ciem m\u0142odego Hiszpana, to prawdopodobnie spodziewa si\u0119 po nim \u015bwietnej techniki i boiskowej og\u0142ady.<\/p>\n<p>Je\u015bli przeczesuje rynek francuski, to wie, \u017ce mo\u017ce liczy\u0107 na gracza przebojowego, zdolnego do przystosowania si\u0119 w ka\u017cdych warunkach. A na co liczy, gdy chce \u015bci\u0105gn\u0105\u0107 Polaka?<\/p>\n<div id=\"ez-toc-container\" class=\"ez-toc-v2_0_75 counter-hierarchy ez-toc-counter ez-toc-grey ez-toc-container-direction\">\n<div class=\"ez-toc-title-container\">\n<p class=\"ez-toc-title\" style=\"cursor:inherit\">Table of Contents<\/p>\n<span class=\"ez-toc-title-toggle\"><a href=\"#\" class=\"ez-toc-pull-right ez-toc-btn ez-toc-btn-xs ez-toc-btn-default ez-toc-toggle\" aria-label=\"Toggle Table of Content\"><span class=\"ez-toc-js-icon-con\"><span class=\"\"><span class=\"eztoc-hide\" style=\"display:none;\">Toggle<\/span><span class=\"ez-toc-icon-toggle-span\"><svg style=\"fill: #999;color:#999\" xmlns=\"http:\/\/www.w3.org\/2000\/svg\" class=\"list-377408\" width=\"20px\" height=\"20px\" viewBox=\"0 0 24 24\" fill=\"none\"><path d=\"M6 6H4v2h2V6zm14 0H8v2h12V6zM4 11h2v2H4v-2zm16 0H8v2h12v-2zM4 16h2v2H4v-2zm16 0H8v2h12v-2z\" fill=\"currentColor\"><\/path><\/svg><svg style=\"fill: #999;color:#999\" class=\"arrow-unsorted-368013\" xmlns=\"http:\/\/www.w3.org\/2000\/svg\" width=\"10px\" height=\"10px\" viewBox=\"0 0 24 24\" version=\"1.2\" baseProfile=\"tiny\"><path d=\"M18.2 9.3l-6.2-6.3-6.2 6.3c-.2.2-.3.4-.3.7s.1.5.3.7c.2.2.4.3.7.3h11c.3 0 .5-.1.7-.3.2-.2.3-.5.3-.7s-.1-.5-.3-.7zM5.8 14.7l6.2 6.3 6.2-6.3c.2-.2.3-.5.3-.7s-.1-.5-.3-.7c-.2-.2-.4-.3-.7-.3h-11c-.3 0-.5.1-.7.3-.2.2-.3.5-.3.7s.1.5.3.7z\"\/><\/svg><\/span><\/span><\/span><\/a><\/span><\/div>\n<nav><ul class='ez-toc-list ez-toc-list-level-1 ' ><li class='ez-toc-page-1 ez-toc-heading-level-3'><a class=\"ez-toc-link ez-toc-heading-1\" href=\"https:\/\/kronika-futbolu.pl\/historia\/transfery-zagraniczne-mlodych-polskich-pilkarzy-ktory-kierunek-z-biegiem-czasu-okazuje-sie-dla-nich-najlepszy\/#Obstawianie_w_ciemno\" >Obstawianie w ciemno<\/a><\/li><li class='ez-toc-page-1 ez-toc-heading-level-3'><a class=\"ez-toc-link ez-toc-heading-2\" href=\"https:\/\/kronika-futbolu.pl\/historia\/transfery-zagraniczne-mlodych-polskich-pilkarzy-ktory-kierunek-z-biegiem-czasu-okazuje-sie-dla-nich-najlepszy\/#Bezposrednio_czy_z_przystankami\" >Bezpo\u015brednio czy z przystankami?<\/a><\/li><li class='ez-toc-page-1 ez-toc-heading-level-3'><a class=\"ez-toc-link ez-toc-heading-3\" href=\"https:\/\/kronika-futbolu.pl\/historia\/transfery-zagraniczne-mlodych-polskich-pilkarzy-ktory-kierunek-z-biegiem-czasu-okazuje-sie-dla-nich-najlepszy\/#Per_aspera_ad_astra\" >Per aspera ad astra?<\/a><\/li><\/ul><\/nav><\/div>\n<h3><span class=\"ez-toc-section\" id=\"Obstawianie_w_ciemno\"><\/span>Obstawianie w ciemno<span class=\"ez-toc-section-end\"><\/span><\/h3>\n<p>W\u0142a\u015bnie. Polski pi\u0142karz musi zab\u0142ysn\u0105\u0107 indywidualnie. Najwi\u0119ksze kluby maj\u0105 ogromne siatki skaut\u00f3w i to raczej nic niezwyk\u0142ego, \u017ce, przyk\u0142adowo, Duma Katalonii ma na radarze zdolnego do gry kombinacyjnej Piotra Zieli\u0144skiego. To, \u017ce prawdopodobnie Polak jest na li\u015bcie priorytet\u00f3w bli\u017cej drugiej dziesi\u0105tki ni\u017c podium, to inna sprawa. Tak czy owak, brakuje polskiego archetypu pi\u0142karza, a \u017ce Ekstraklasa nie jest godnym zaufania miernikiem jako\u015bci, kupowanie stamt\u0105d zawodnik\u00f3w zawsze wi\u0105\u017ce si\u0119 z ryzykiem.<\/p>\n<h3><span class=\"ez-toc-section\" id=\"Bezposrednio_czy_z_przystankami\"><\/span>Bezpo\u015brednio czy z przystankami?<span class=\"ez-toc-section-end\"><\/span><\/h3>\n<p>W zwi\u0105zku z udanymi karierami takich zawodnik\u00f3w jak Piszczek, B\u0142aszczykowski czy Lewandowski, w Niemczech wzros\u0142o zainteresowanie naszymi rodakami w\u015br\u00f3d zespo\u0142\u00f3w Bundesligi. St\u0105d transfery Milika do Bayeru Leverkusen i Augsburga czy Kownackiego do Fortuny Dusseldorf. W obu przypadkach Polacy zawiedli. Dawid jest jeszcze m\u0142ody, ale jego kariera w aktualnym momencie nie prezentuje si\u0119 tak, jak wed\u0142ug wielu ekspert\u00f3w powinna. Cz\u0119\u015b\u0107 z nich obstawia\u0142a, \u017ce w wieku 25 lat Kownacki b\u0119dzie wyst\u0119powa\u0142 w czo\u0142owym zespole Europy. Na ten moment nic na to nie wskazuje. Historia Milika napawa wi\u0119kszym optymizmem.<\/p>\n<h3><span class=\"ez-toc-section\" id=\"Per_aspera_ad_astra\"><\/span>Per aspera ad astra?<span class=\"ez-toc-section-end\"><\/span><\/h3>\n<p>Kariera Milika, Szcz\u0119snego czy Krychowiaka pokazuje, \u017ce nie ma sensu przebywanie tam, gdzie nie pasujemy &#8211; czy to ze wzgl\u0119d\u00f3w stricte sportowych, czy te\u017c aklimatyzacyjnych. Wydawa\u0142o si\u0119, \u017ce nasi gracze w Arsenalu czy PSG b\u0119d\u0105 graczami wyj\u015bciowego sk\u0142adu. Nie uda\u0142o si\u0119? Trudno, ruszyli dalej i dzi\u015b z pewno\u015bci\u0105 nie mog\u0105 narzeka\u0107 na swoj\u0105 pozycj\u0119 w europejskim futbolu. Szcz\u0119sny wymieniany jest jednym tchem w\u015br\u00f3d najlepszych bramkarzy Serie A, a Krychowiak jest ub\u00f3stwiany w Moskwie, cho\u0107 po przygodzie w Pary\u017cu wygl\u0105da\u0142 ju\u017c momentami jak cie\u0144 gracza, kt\u00f3ry rz\u0105dzi\u0142 i dzieli\u0142 w Sevilli. Tak\u017ce Milik nie bez powodu \u0142\u0105czony jest dzi\u015b z transferem do Juventusu &#8211; po prostu, zmieni\u0142 Niemcy na Holandi\u0119, a po \u015bwietnych wyst\u0119pach w Ajaksie ugruntowa\u0142 sw\u0105 pozycj\u0119 we W\u0142oszech. Dzi\u015b popularnym kierunkiem dla Polak\u00f3w staj\u0105 si\u0119 te\u017c te nieoczywiste, jak Bu\u0142garia, Kazachstan czy Stany Zjednoczone. Czy to co\u015b z\u0142ego? Oczywi\u015bcie, \u017ce nie! Obstawiam, \u017ce wielu zawodnik\u00f3w Ekstraklasy odda\u0142oby wiele, by wyst\u0105pi\u0107 w Lidze Mistrz\u00f3w. By\u0107 mo\u017ce tym, kt\u00f3rzy za szybko wyrusz\u0105 do jednej z pi\u0119ciu najsilniejszych lig, nigdy nie b\u0119dzie dane us\u0142ysze\u0107 tego wspania\u0142ego hymnu z poziomu murawy. Uda\u0142o si\u0119 to za to wy\u015bmiewanemu za transfer do Qarabagu Rze\u017aniczakowi.<\/p>\n","protected":false},"excerpt":{"rendered":"<p>Pytanie zawarte w tytule nie ma jednoznacznej odpowiedzi, jako \u017ce polski pi\u0142karz to niejednolity tw\u00f3r, po kt\u00f3rym ci\u0119\u017cko spodziewa\u0107 si\u0119 konkretnych cech. Je\u017celi klub X zastanawia si\u0119 nad \u015bci\u0105gni\u0119ciem m\u0142odego Hiszpana, to prawdopodobnie spodziewa si\u0119 po nim \u015bwietnej techniki i boiskowej og\u0142ady. Je\u015bli przeczesuje rynek francuski, to wie, \u017ce mo\u017ce liczy\u0107 na gracza przebojowego, zdolnego [&hellip;]<\/p>\n","protected":false},"author":3,"featured_media":9039,"comment_status":"closed","ping_status":"open","sticky":false,"template":"","format":"standard","meta":{"_acf_changed":false,"footnotes":""},"categories":[129],"tags":[423],"class_list":["post-9038","post","type-post","status-publish","format-standard","has-post-thumbnail","hentry","category-artykul","tag-artykul"],"acf":[],"_links":{"self":[{"href":"https:\/\/kronika-futbolu.pl\/historia\/wp-json\/wp\/v2\/posts\/9038","targetHints":{"allow":["GET"]}}],"collection":[{"href":"https:\/\/kronika-futbolu.pl\/historia\/wp-json\/wp\/v2\/posts"}],"about":[{"href":"https:\/\/kronika-futbolu.pl\/historia\/wp-json\/wp\/v2\/types\/post"}],"author":[{"embeddable":true,"href":"https:\/\/kronika-futbolu.pl\/historia\/wp-json\/wp\/v2\/users\/3"}],"replies":[{"embeddable":true,"href":"https:\/\/kronika-futbolu.pl\/historia\/wp-json\/wp\/v2\/comments?post=9038"}],"version-history":[{"count":1,"href":"https:\/\/kronika-futbolu.pl\/historia\/wp-json\/wp\/v2\/posts\/9038\/revisions"}],"predecessor-version":[{"id":13144,"href":"https:\/\/kronika-futbolu.pl\/historia\/wp-json\/wp\/v2\/posts\/9038\/revisions\/13144"}],"wp:featuredmedia":[{"embeddable":true,"href":"https:\/\/kronika-futbolu.pl\/historia\/wp-json\/wp\/v2\/media\/9039"}],"wp:attachment":[{"href":"https:\/\/kronika-futbolu.pl\/historia\/wp-json\/wp\/v2\/media?parent=9038"}],"wp:term":[{"taxonomy":"category","embeddable":true,"href":"https:\/\/kronika-futbolu.pl\/historia\/wp-json\/wp\/v2\/categories?post=9038"},{"taxonomy":"post_tag","embeddable":true,"href":"https:\/\/kronika-futbolu.pl\/historia\/wp-json\/wp\/v2\/tags?post=9038"}],"curies":[{"name":"wp","href":"https:\/\/api.w.org\/{rel}","templated":true}]}}